{"id":16922,"date":"2017-03-31T17:37:27","date_gmt":"2017-03-31T20:37:27","guid":{"rendered":"http:\/\/caririemacao.com\/1\/?p=16922"},"modified":"2017-03-31T17:37:27","modified_gmt":"2017-03-31T20:37:27","slug":"comunidade-religiosa-de-santo-andre-entra-para-a-historia-se-tornando-paroquia-neste-dia-31","status":"publish","type":"post","link":"https:\/\/www.caririemacao.com\/1\/2017\/03\/31\/comunidade-religiosa-de-santo-andre-entra-para-a-historia-se-tornando-paroquia-neste-dia-31\/","title":{"rendered":"Comunidade religiosa de Santo Andr\u00e9 entra para a historia se tornando Par\u00f3quia neste dia (31)."},"content":{"rendered":"<p>Em celebra\u00e7\u00e3o eucar\u00edstica presidida hoje(31) \u00a0de fevereiro, em Santo Andr\u00e9 \u00a0ser\u00e1 criada a \u00c1rea Pastoral do Sagrado Cora\u00e7\u00e3o de Jesus. A Santa Missa de instala\u00e7\u00e3o, celebrada na Matriz, contar\u00e1 \u00a0com a presen\u00e7a de representantes de todas as comunidades do munic\u00edpio que integram a nova \u00e1rea pastoral.<\/p>\n<p>A Prefeitura de Santo Andr\u00e9, pessoa da Prefeita Silvana Marinho, do vice Arimatea Porto, sentem-se felizes com todo este desenvolvimento e crescimento com a f\u00e9, propondo boas-vindas aos ministros da Igreja e fazem um convite especial a todas as comunidades e mun\u00edcipes cat\u00f3licos para juntos agradecer e festejar a obra de Deus, pois s\u00e3o \u201cmomentos de gloria e alegria \u00a0Andr\u00e9 se tornar par\u00f3quia, vivenciar com exclusividade a presen\u00e7a constante de um padre em nosso munic\u00edpio em nossa Igreja\u201d .Conclui a Prefeita.<\/p>\n<p>Santo Andr\u00e9 entra para a hist\u00f3ria dentro do contexto religioso, pois permite entender que a f\u00e9 \u00e9 a presen\u00e7a de Deus em cada vida, em cada ser em busca de solu\u00e7\u00f5es para cada conflito, portanto cada santoandreense sinta-se felizes em poder receber um ato t\u00e3o grandioso, de poder centralizar toda organiza\u00e7\u00e3o religiosa num s\u00f3 lugar o nosso mesmo. Santo Andr\u00e9 se tornar Par\u00f3quia.<\/p>\n<p style=\"background: white;\"><strong><span style=\"font-family: 'Georgia','serif'; color: #333333;\">CARIRI EM A\u00c7\u00c3O<\/span><\/strong><\/p>\n<p style=\"background: white;\"><span style=\"font-family: 'Georgia','serif'; color: #333333;\">Com L\u00facia Medeiros \/Foto:Cariri em A\u00e7\u00e3o\u00a0<\/span><\/p>\n<p style=\"background: white;\"><strong><span style=\"font-family: 'Georgia','serif'; color: #333333;\">Leia mais not\u00edcias em\u00a0<\/span><\/strong><a href=\"http:\/\/www.caririemacao.com\/\"><b><span style=\"font-family: 'Georgia','serif';\">caririemacao.com<\/span><\/b><\/a><strong><span style=\"font-family: 'Georgia','serif'; color: #333333;\">, siga nossa p\u00e1gina no<\/span><\/strong><a href=\"https:\/\/www.facebook.com\/CaririEmAcao\/\"><b><span style=\"font-family: 'Georgia','serif';\">\u00a0Facebook<\/span><\/b><\/a><strong><span style=\"font-family: 'Georgia','serif'; color: #333333;\">\u00a0e\u00a0<a href=\"https:\/\/www.instagram.com\/cariri_em_acao\/?hl=pt-br\">Instagram<\/a>\u00a0veja nossas mat\u00e9rias e fotos. Voc\u00ea tamb\u00e9m pode enviar informa\u00e7\u00f5es \u00e0 Reda\u00e7\u00e3o do Portal Cariri em A\u00e7\u00e3o pelo WhatsApp (83) 9 9634.5791, (83) 9 9601-1162 ou (83) 9 994189.<\/span><\/strong><\/p>\n","protected":false},"excerpt":{"rendered":"<p>Em celebra\u00e7\u00e3o eucar\u00edstica presidida hoje(31) \u00a0de fevereiro, em Santo Andr\u00e9 \u00a0ser\u00e1 criada a \u00c1rea Pastoral do Sagrado Cora\u00e7\u00e3o de Jesus. A Santa Missa de instala\u00e7\u00e3o,&hellip; <\/p>\n","protected":false},"author":2,"featured_media":16923,"comment_status":"closed","ping_status":"closed","sticky":false,"template":"","format":"standard","meta":{"sfsi_plus_gutenberg_text_before_share":"","sfsi_plus_gutenberg_show_text_before_share":"","sfsi_plus_gutenberg_icon_type":"","sfsi_plus_gutenberg_icon_alignemt":"","sfsi_plus_gutenburg_max_per_row":"","footnotes":""},"categories":[6],"tags":[],"class_list":["post-16922","post","type-post","status-publish","format-standard","has-post-thumbnail","hentry","category-cidades"],"_links":{"self":[{"href":"https:\/\/www.caririemacao.com\/1\/wp-json\/wp\/v2\/posts\/16922","targetHints":{"allow":["GET"]}}],"collection":[{"href":"https:\/\/www.caririemacao.com\/1\/wp-json\/wp\/v2\/posts"}],"about":[{"href":"https:\/\/www.caririemacao.com\/1\/wp-json\/wp\/v2\/types\/post"}],"author":[{"embeddable":true,"href":"https:\/\/www.caririemacao.com\/1\/wp-json\/wp\/v2\/users\/2"}],"replies":[{"embeddable":true,"href":"https:\/\/www.caririemacao.com\/1\/wp-json\/wp\/v2\/comments?post=16922"}],"version-history":[{"count":0,"href":"https:\/\/www.caririemacao.com\/1\/wp-json\/wp\/v2\/posts\/16922\/revisions"}],"wp:featuredmedia":[{"embeddable":true,"href":"https:\/\/www.caririemacao.com\/1\/wp-json\/wp\/v2\/media\/16923"}],"wp:attachment":[{"href":"https:\/\/www.caririemacao.com\/1\/wp-json\/wp\/v2\/media?parent=16922"}],"wp:term":[{"taxonomy":"category","embeddable":true,"href":"https:\/\/www.caririemacao.com\/1\/wp-json\/wp\/v2\/categories?post=16922"},{"taxonomy":"post_tag","embeddable":true,"href":"https:\/\/www.caririemacao.com\/1\/wp-json\/wp\/v2\/tags?post=16922"}],"curies":[{"name":"wp","href":"https:\/\/api.w.org\/{rel}","templated":true}]}}