{"id":169226,"date":"2020-05-13T12:11:41","date_gmt":"2020-05-13T15:11:41","guid":{"rendered":"https:\/\/www.caririemacao.com\/1\/?p=169226"},"modified":"2020-05-13T12:11:41","modified_gmt":"2020-05-13T15:11:41","slug":"coronavirus-atinge-mais-de-50-das-cidades-da-pb-e-regiao-de-joao-pessoa-concentra-81-dos-casos","status":"publish","type":"post","link":"https:\/\/www.caririemacao.com\/1\/2020\/05\/13\/coronavirus-atinge-mais-de-50-das-cidades-da-pb-e-regiao-de-joao-pessoa-concentra-81-dos-casos\/","title":{"rendered":"Coronav\u00edrus atinge mais de 50% das cidades da PB e regi\u00e3o de Jo\u00e3o Pessoa concentra 81% dos casos"},"content":{"rendered":"\n<h1 class=\"wp-block-heading\"><\/h1>\n\n\n\n<p>Mais da metade das 223 cidades da Para\u00edba j\u00e1 registraram casos de Covid-19, doen\u00e7a causada pelo novo coronav\u00edrus, quase dois meses ap\u00f3s o primeiro caso registrado no estado. Segundo boletim divulgado pela Secretaria de Estado da Sa\u00fade (SES) nesta ter\u00e7a-feira (12), 113 munic\u00edpios (50,67%) j\u00e1 t\u00eam casos confirmados da doen\u00e7a.<\/p>\n\n\n\n<p>Quase metade dos casos de coronav\u00edrus registrados na Para\u00edba est\u00e3o em Jo\u00e3o Pessoa, que concentra 1.316 casos (47,38% do total). Na cidade,&nbsp;quase todos os bairros t\u00eam casos registrados, com exce\u00e7\u00e3o apenas dos bairros de Mumbaba, Mussur\u00e9, Barra de Gramame, Costa do Sol, Penha e Ponta do Seixas. Mangabeira \u00e9 o bairro mais afetado, com 86 casos confirmados.<\/p>\n\n\n\n<p>Por causa do n\u00famero de casos na capital, a Regi\u00e3o Geogr\u00e1fica Imediata de Jo\u00e3o Pessoa, que tem 22 munic\u00edpios, tamb\u00e9m \u00e9 proporcionalmente a que mais tem casos registrados no estado, com 2.263 casos (81,49% do total). Nesta regi\u00e3o, apenas a cidade de Caldas Brand\u00e3o n\u00e3o tem caso de infec\u00e7\u00e3o.<\/p>\n\n\n\n<p>Apesar dessa concentra\u00e7\u00e3o, os casos de Covid-19 est\u00e3o espalhados por todas as 15 regi\u00f5es imediatas da Para\u00edba. A Regi\u00e3o Imediata de Campina Grande aparece na segunda posi\u00e7\u00e3o, com 235 casos, seguida da Regi\u00e3o Imediata de Guarabira (155 casos) e de Patos (47 casos).<\/p>\n\n\n\n<p>A Regi\u00e3o Imediata de Cuit\u00e9-Nova Floresta \u00e9 a que tem menos casos de Covid-19 registrados na Para\u00edba, com apenas dois casos, um em Cuit\u00e9 e outro em Nova Floresta. Os outros oito munic\u00edpios desta regi\u00e3o n\u00e3o t\u00eam casos confirmados. A Regi\u00e3o Imediata de Princesa Isabel tamb\u00e9m tem poucos casos confirmados, com apenas tr\u00eas em Princesa Isabel e nenhum nos outros quatro munic\u00edpios.<\/p>\n\n\n\n<p><em>G1 PB<\/em><\/p>\n","protected":false},"excerpt":{"rendered":"<p>Mais da metade das 223 cidades da Para\u00edba j\u00e1 registraram casos de Covid-19, doen\u00e7a causada pelo novo coronav\u00edrus, quase dois meses ap\u00f3s o primeiro caso&hellip; <\/p>\n","protected":false},"author":2,"featured_media":169229,"comment_status":"closed","ping_status":"closed","sticky":false,"template":"","format":"standard","meta":{"sfsi_plus_gutenberg_text_before_share":"","sfsi_plus_gutenberg_show_text_before_share":"","sfsi_plus_gutenberg_icon_type":"","sfsi_plus_gutenberg_icon_alignemt":"","sfsi_plus_gutenburg_max_per_row":"","footnotes":""},"categories":[2],"tags":[],"class_list":["post-169226","post","type-post","status-publish","format-standard","has-post-thumbnail","hentry","category-geral"],"_links":{"self":[{"href":"https:\/\/www.caririemacao.com\/1\/wp-json\/wp\/v2\/posts\/169226","targetHints":{"allow":["GET"]}}],"collection":[{"href":"https:\/\/www.caririemacao.com\/1\/wp-json\/wp\/v2\/posts"}],"about":[{"href":"https:\/\/www.caririemacao.com\/1\/wp-json\/wp\/v2\/types\/post"}],"author":[{"embeddable":true,"href":"https:\/\/www.caririemacao.com\/1\/wp-json\/wp\/v2\/users\/2"}],"replies":[{"embeddable":true,"href":"https:\/\/www.caririemacao.com\/1\/wp-json\/wp\/v2\/comments?post=169226"}],"version-history":[{"count":1,"href":"https:\/\/www.caririemacao.com\/1\/wp-json\/wp\/v2\/posts\/169226\/revisions"}],"predecessor-version":[{"id":169230,"href":"https:\/\/www.caririemacao.com\/1\/wp-json\/wp\/v2\/posts\/169226\/revisions\/169230"}],"wp:featuredmedia":[{"embeddable":true,"href":"https:\/\/www.caririemacao.com\/1\/wp-json\/wp\/v2\/media\/169229"}],"wp:attachment":[{"href":"https:\/\/www.caririemacao.com\/1\/wp-json\/wp\/v2\/media?parent=169226"}],"wp:term":[{"taxonomy":"category","embeddable":true,"href":"https:\/\/www.caririemacao.com\/1\/wp-json\/wp\/v2\/categories?post=169226"},{"taxonomy":"post_tag","embeddable":true,"href":"https:\/\/www.caririemacao.com\/1\/wp-json\/wp\/v2\/tags?post=169226"}],"curies":[{"name":"wp","href":"https:\/\/api.w.org\/{rel}","templated":true}]}}