{"id":169232,"date":"2020-05-13T12:14:47","date_gmt":"2020-05-13T15:14:47","guid":{"rendered":"https:\/\/www.caririemacao.com\/1\/?p=169232"},"modified":"2020-05-13T12:14:47","modified_gmt":"2020-05-13T15:14:47","slug":"homens-invadem-residencia-na-zona-rural-de-sao-joao-do-cariri-e-espancam-mulher","status":"publish","type":"post","link":"https:\/\/www.caririemacao.com\/1\/2020\/05\/13\/homens-invadem-residencia-na-zona-rural-de-sao-joao-do-cariri-e-espancam-mulher\/","title":{"rendered":"Homens invadem resid\u00eancia na zona rural de S\u00e3o Jo\u00e3o do Cariri e espancam mulher"},"content":{"rendered":"\n<h1 class=\"wp-block-heading\"><\/h1>\n\n\n\n<p>Na manh\u00e3 desta \u00faltima ter\u00e7a-feira(12) por volta de 9:40h uma tentativa de assalto foi registrada em uma resid\u00eancia na comunidade do Gravat\u00e1, zona rural de S\u00e3o Jo\u00e3o do Cariri.<\/p>\n\n\n\n<p>Segundo informa\u00e7\u00f5es colhidas pelo portal De Olho no Cariri, a s\u00e3ojo\u00e3oense Ricacia Farias estava com sua filha de 4 anos de idade na casa dos pais que residem na comunidade rural, quando foi surpreendida por dois criminosos que adentraram na resid\u00eancia pelos fundos da casa.<\/p>\n\n\n\n<p>Ao anunciar que se tratava de um assalto, a v\u00edtima reagiu ao assalto e foi agredida covardemente pelos assaltantes que estavam munidos de um objeto cortante.<\/p>\n\n\n\n<p>A v\u00edtima conseguiu gritar por socorro e vizinhos correram em dire\u00e7\u00e3o a resid\u00eancia. Os elementos sa\u00edram em fuga e estavam em uma motocicleta. Ricacia acabou perdendo bastante sangue e foi atendida no Hospital Geral de Serra Branca e no momento passa bem.<\/p>\n\n\n\n<p>Ricacia Farias pede provid\u00eancias as autoridades e deixa um alerta as comunidades rurais vizinhas que ao perceber a presen\u00e7a dos criminosos possam acionar as for\u00e7as policiais.<\/p>\n\n\n\n<p><strong>De Olho no Cariri<\/strong><\/p>\n","protected":false},"excerpt":{"rendered":"<p>Na manh\u00e3 desta \u00faltima ter\u00e7a-feira(12) por volta de 9:40h uma tentativa de assalto foi registrada em uma resid\u00eancia na comunidade do Gravat\u00e1, zona rural de&hellip; <\/p>\n","protected":false},"author":2,"featured_media":169233,"comment_status":"closed","ping_status":"closed","sticky":false,"template":"","format":"standard","meta":{"sfsi_plus_gutenberg_text_before_share":"","sfsi_plus_gutenberg_show_text_before_share":"","sfsi_plus_gutenberg_icon_type":"","sfsi_plus_gutenberg_icon_alignemt":"","sfsi_plus_gutenburg_max_per_row":"","footnotes":""},"categories":[12],"tags":[],"class_list":["post-169232","post","type-post","status-publish","format-standard","has-post-thumbnail","hentry","category-policia"],"_links":{"self":[{"href":"https:\/\/www.caririemacao.com\/1\/wp-json\/wp\/v2\/posts\/169232","targetHints":{"allow":["GET"]}}],"collection":[{"href":"https:\/\/www.caririemacao.com\/1\/wp-json\/wp\/v2\/posts"}],"about":[{"href":"https:\/\/www.caririemacao.com\/1\/wp-json\/wp\/v2\/types\/post"}],"author":[{"embeddable":true,"href":"https:\/\/www.caririemacao.com\/1\/wp-json\/wp\/v2\/users\/2"}],"replies":[{"embeddable":true,"href":"https:\/\/www.caririemacao.com\/1\/wp-json\/wp\/v2\/comments?post=169232"}],"version-history":[{"count":1,"href":"https:\/\/www.caririemacao.com\/1\/wp-json\/wp\/v2\/posts\/169232\/revisions"}],"predecessor-version":[{"id":169234,"href":"https:\/\/www.caririemacao.com\/1\/wp-json\/wp\/v2\/posts\/169232\/revisions\/169234"}],"wp:featuredmedia":[{"embeddable":true,"href":"https:\/\/www.caririemacao.com\/1\/wp-json\/wp\/v2\/media\/169233"}],"wp:attachment":[{"href":"https:\/\/www.caririemacao.com\/1\/wp-json\/wp\/v2\/media?parent=169232"}],"wp:term":[{"taxonomy":"category","embeddable":true,"href":"https:\/\/www.caririemacao.com\/1\/wp-json\/wp\/v2\/categories?post=169232"},{"taxonomy":"post_tag","embeddable":true,"href":"https:\/\/www.caririemacao.com\/1\/wp-json\/wp\/v2\/tags?post=169232"}],"curies":[{"name":"wp","href":"https:\/\/api.w.org\/{rel}","templated":true}]}}