{"id":169240,"date":"2020-05-13T12:21:24","date_gmt":"2020-05-13T15:21:24","guid":{"rendered":"https:\/\/www.caririemacao.com\/1\/?p=169240"},"modified":"2020-05-13T12:21:24","modified_gmt":"2020-05-13T15:21:24","slug":"pesquisa-coronavirus-pode-causar-lesoes-de-retina","status":"publish","type":"post","link":"https:\/\/www.caririemacao.com\/1\/2020\/05\/13\/pesquisa-coronavirus-pode-causar-lesoes-de-retina\/","title":{"rendered":"Pesquisa: coronav\u00edrus pode causar les\u00f5es de retina"},"content":{"rendered":"\n<h1 class=\"wp-block-heading\"><\/h1>\n\n\n\n<p>\u00c9 a primeira vez que se descreve essas altera\u00e7\u00f5es no olho humano, at\u00e9 ent\u00e3o s\u00f3 observadas em modelos animais.<\/p>\n\n\n\n<p>Os resultados preliminares, publicados nesta ter\u00e7a (12) na revista m\u00e9dica inglesa The Lancet, s\u00e3o de um estudo do Instituto da Vis\u00e3o e do departamento de oftalmologia da Unifesp (Universidade Federal de S\u00e3o Paulo).<\/p>\n\n\n\n<p>No trabalho, foram avaliados 12 profissionais da sa\u00fade com diagn\u00f3stico de Covid-19, com idades entre 25 e 65 anos. Eles tiveram as estruturas oculares examinadas entre o 11\u00ba e 35\u00ba dia de infec\u00e7\u00e3o.<\/p>\n\n\n\n<p>Segundo o oftalmologista Rubens Belfort J\u00fanior, um dos autores do estudo e presidente da Academia Nacional de Medicina, at\u00e9 agora a conjuntivite era a \u00fanica manifesta\u00e7\u00e3o da Covid nos olhos.<\/p>\n\n\n\n<p>Al\u00e9m dos 12 casos relatados no estudo, h\u00e1 outros 13 pacientes sendo acompanhados pelo grupo, inclusive alguns que precisaram de interna\u00e7\u00e3o.<\/p>\n\n\n\n<p>\u201cOs pacientes n\u00e3o reclamam que est\u00e3o enxergando mal, mas testes espec\u00edficos de fisiologia de retina mostram les\u00f5es anat\u00f4micas que podem ter um correspondente funcional. N\u00e3o sabemos ainda qual \u00e9.\u201d<\/p>\n\n\n\n<p>Para ele, a situa\u00e7\u00e3o \u00e9 parecida com aqueles casos de Covid-19 em que o paciente aparentemente se sente bem, apenas com um pouco de tosse, e quando faz uma tomografia de t\u00f3rax e encontra uma grande les\u00e3o no pulm\u00e3o.<\/p>\n\n\n\n<p>O exame feito na retina se chama tomografia de coer\u00eancia \u00f3ptica, que usa luz, e n\u00e3o radia\u00e7\u00e3o. Ele analisa as estruturas microm\u00e9tricas da retina que est\u00e3o alteradas.<\/p>\n\n\n\n<p>\u201cN\u00e3o \u00e9 um exame perigoso, n\u00e3o d\u00f3i, pode ser repetido muitas vezes ao dia. \u00c9 como se tirasse uma fotografia do olho\u201d, explica Belfort J\u00fanior.<\/p>\n\n\n\n<p>O objetivo agora \u00e9 acompanhar o que vai acontecer com esses pacientes e ver, por exemplo, se a les\u00e3o vai desaparecer ou piorar ao longo do tempo.<\/p>\n\n\n\n<p>\u201cTemos apenas tr\u00eas semanas de conhecimento sobre isso. Quisemos publicar logo para que outros grupos do Brasil e do mundo prestassem aten\u00e7\u00e3o a essas les\u00f5es\u201d, diz.<\/p>\n\n\n\n<p>Segundo o m\u00e9dico, as les\u00f5es est\u00e3o localizadas junto \u00e0s c\u00e9lulas ganglionares, que s\u00e3o um tipo de neur\u00f4nio encontrado na retina. Elas tamb\u00e9m existem no sistema nervoso central, d\u00e3o suporte \u00e0s fun\u00e7\u00f5es neurol\u00f3gicas.<\/p>\n\n\n\n<p>\u201cIsso pode ser um biomarcador da presen\u00e7a de les\u00f5es no sistema nervoso central que n\u00e3o s\u00e3o clinicamente percept\u00edveis\u201d, explica.<\/p>\n\n\n\n<p>Essa possibilidade \u00e9 importante porque descobertas recentes t\u00eam demonstrado que uma parte dos pacientes da Covid-19 desenvolve tamb\u00e9m altera\u00e7\u00f5es cerebrais.<\/p>\n\n\n\n<p>\u201cEsses sinais na retina podem ser uma maneira simples e r\u00e1pida de detectar alguma eventual correla\u00e7\u00e3o com o sistema nervoso. \u00c9 mais um ind\u00edcio de que o coronav\u00edrus tem uma predile\u00e7\u00e3o pelo sistema nervoso.\u201d<\/p>\n","protected":false},"excerpt":{"rendered":"<p>\u00c9 a primeira vez que se descreve essas altera\u00e7\u00f5es no olho humano, at\u00e9 ent\u00e3o s\u00f3 observadas em modelos animais. Os resultados preliminares, publicados nesta ter\u00e7a&hellip; <\/p>\n","protected":false},"author":2,"featured_media":169241,"comment_status":"closed","ping_status":"closed","sticky":false,"template":"","format":"standard","meta":{"sfsi_plus_gutenberg_text_before_share":"","sfsi_plus_gutenberg_show_text_before_share":"","sfsi_plus_gutenberg_icon_type":"","sfsi_plus_gutenberg_icon_alignemt":"","sfsi_plus_gutenburg_max_per_row":"","footnotes":""},"categories":[2],"tags":[],"class_list":["post-169240","post","type-post","status-publish","format-standard","has-post-thumbnail","hentry","category-geral"],"_links":{"self":[{"href":"https:\/\/www.caririemacao.com\/1\/wp-json\/wp\/v2\/posts\/169240","targetHints":{"allow":["GET"]}}],"collection":[{"href":"https:\/\/www.caririemacao.com\/1\/wp-json\/wp\/v2\/posts"}],"about":[{"href":"https:\/\/www.caririemacao.com\/1\/wp-json\/wp\/v2\/types\/post"}],"author":[{"embeddable":true,"href":"https:\/\/www.caririemacao.com\/1\/wp-json\/wp\/v2\/users\/2"}],"replies":[{"embeddable":true,"href":"https:\/\/www.caririemacao.com\/1\/wp-json\/wp\/v2\/comments?post=169240"}],"version-history":[{"count":1,"href":"https:\/\/www.caririemacao.com\/1\/wp-json\/wp\/v2\/posts\/169240\/revisions"}],"predecessor-version":[{"id":169242,"href":"https:\/\/www.caririemacao.com\/1\/wp-json\/wp\/v2\/posts\/169240\/revisions\/169242"}],"wp:featuredmedia":[{"embeddable":true,"href":"https:\/\/www.caririemacao.com\/1\/wp-json\/wp\/v2\/media\/169241"}],"wp:attachment":[{"href":"https:\/\/www.caririemacao.com\/1\/wp-json\/wp\/v2\/media?parent=169240"}],"wp:term":[{"taxonomy":"category","embeddable":true,"href":"https:\/\/www.caririemacao.com\/1\/wp-json\/wp\/v2\/categories?post=169240"},{"taxonomy":"post_tag","embeddable":true,"href":"https:\/\/www.caririemacao.com\/1\/wp-json\/wp\/v2\/tags?post=169240"}],"curies":[{"name":"wp","href":"https:\/\/api.w.org\/{rel}","templated":true}]}}