{"id":16925,"date":"2017-03-31T08:38:57","date_gmt":"2017-03-31T11:38:57","guid":{"rendered":"http:\/\/caririemacao.com\/1\/?p=16925"},"modified":"2017-03-31T17:52:38","modified_gmt":"2017-03-31T20:52:38","slug":"crea-pb-se-une-a-instituicoes-para-realizar-atividades-durante-todo-o-abril-verde","status":"publish","type":"post","link":"https:\/\/www.caririemacao.com\/1\/2017\/03\/31\/crea-pb-se-une-a-instituicoes-para-realizar-atividades-durante-todo-o-abril-verde\/","title":{"rendered":"Crea-PB se une a institui\u00e7\u00f5es para realizar atividades durante todo o Abril Verde"},"content":{"rendered":"<div>Diariamente, pelo menos sete trabalhadores no Brasil n\u00e3o voltam para casa no final do dia porque perdem a vida em acidentes de trabalho. Na Para\u00edba, a cada hora, as doen\u00e7as e acidentes laborais afastam pelo menos tr\u00eas trabalhadores \u00a0das suas atividades profissionais. De olho nesses \u00edndices alarmantes, o Crea-PB e mais de 20 \u00f3rg\u00e3os e sindicatos se uniram em prol da campanha Abril Verde, de conscientiza\u00e7\u00e3o sobre a sa\u00fade e seguran\u00e7a do trabalho. O movimento \u00e9 coordenado pelo Minist\u00e9rio P\u00fablico do Trabalho na Para\u00edba.<\/div>\n<div><\/div>\n<div>Na pr\u00f3xima segunda-feira (3), a partir das 13h30, ser\u00e1 aberta oficialmente a campanha no Estado \u00a0com uma Audi\u00eancia P\u00fablica na Assembleia Legislativa, em Jo\u00e3o Pessoa. Durante a sess\u00e3o, dever\u00e1 ser sancionada a lei estadual do Abril Verde, de autoria do deputado An\u00edsio Maia. A capital paraibana \u00e9 pioneira na cria\u00e7\u00e3o do movimento e o oficializou pela primeira vez no Brasil por meio da Lei Municipal n\u00ba 12.814\/2014, da C\u00e2mara Municipal de Jo\u00e3o Pessoa.<\/div>\n<div><\/div>\n<div>O m\u00eas de abril foi escolhido para a realiza\u00e7\u00e3o da campanha por conter duas importantes datas para o tema: o dia 7 de abril, Dia Mundial da Sa\u00fade, e 28 de abril, Dia Internacional em Mem\u00f3ria \u00e0s V\u00edtimas de Acidentes do Trabalho. A conselheira do Crea-PB e presidente da Associa\u00e7\u00e3o de Engenheiros de Seguran\u00e7a do Trabalho da Para\u00edba (Aest-PB) \u00e9 a idealizadora do movimento na Para\u00edba, juntamente com o presidente do Sintest-PB, Nivaldo Barbosa. As duas entidades e v\u00e1rios outros sindicatos, como o Sinduscon e Sintricom, al\u00e9m de \u00f3rg\u00e3os parceiros, institui\u00e7\u00f5es p\u00fablicas e privadas, empresas, organiza\u00e7\u00f5es e sociedade civil organizada realizar\u00e3o, ao longo de todo o m\u00eas de abril, atividades por todo o estado, com o objetivo de conscientizar \u00a0as pessoas em rela\u00e7\u00e3o \u00e0 import\u00e2ncia da preven\u00e7\u00e3o contra as doen\u00e7as e acidentes laborais.<\/div>\n<div><\/div>\n<div>Para a presidente do Crea-PB, Giuc\u00e9lia Figueiredo, o movimento Abril Verde j\u00e1 est\u00e1 consagrado no calend\u00e1rio nacional como um importante instrumento de luta por condi\u00e7\u00f5es mais dignas e seguras de trabalho. \u201cEnquanto estamos vendo os trabalhadores sendo atacados cada vez mais com a perda de v\u00e1rios direitos, n\u00e3o podemos descansar na luta pelo seu direito prim\u00e1rio: a vida\u201d, destacou Giuc\u00e9lia. \u201cFazemos quest\u00e3o de abra\u00e7ar o Abril Verde e levantar essa bandeira junto com o MPT e demais institui\u00e7\u00f5es. Esse \u00e9 um servi\u00e7o que estamos prestando, com orgulho, \u00e0 Para\u00edba\u201d, complementou.<\/div>\n<div><\/div>\n<div>Confira a programa\u00e7\u00e3o completa do movimento Abril Verde na Para\u00edba <a href=\"http:\/\/creapb.org.br\/\">clicando aqui<\/a><\/div>\n<div>\n<p style=\"background: white;\"><strong><span style=\"font-family: 'Georgia','serif'; color: #333333;\">CARIRI EM A\u00c7\u00c3O<\/span><\/strong><\/p>\n<p style=\"background: white;\"><span style=\"font-family: 'Georgia','serif'; color: #333333;\">Com Ascom\/Foto:Reprodu\u00e7\u00e3o\u00a0<\/span><\/p>\n<p style=\"background: white;\"><strong><span style=\"font-family: 'Georgia','serif'; color: #333333;\">Leia mais not\u00edcias em\u00a0<\/span><\/strong><a href=\"http:\/\/www.caririemacao.com\/\"><b><span style=\"font-family: 'Georgia','serif';\">caririemacao.com<\/span><\/b><\/a><strong><span style=\"font-family: 'Georgia','serif'; color: #333333;\">, siga nossa p\u00e1gina no<\/span><\/strong><a href=\"https:\/\/www.facebook.com\/CaririEmAcao\/\"><b><span style=\"font-family: 'Georgia','serif';\">\u00a0Facebook<\/span><\/b><\/a><strong><span style=\"font-family: 'Georgia','serif'; color: #333333;\">\u00a0e\u00a0<a href=\"https:\/\/www.instagram.com\/cariri_em_acao\/?hl=pt-br\">Instagram<\/a>\u00a0veja nossas mat\u00e9rias e fotos. Voc\u00ea tamb\u00e9m pode enviar informa\u00e7\u00f5es \u00e0 Reda\u00e7\u00e3o do Portal Cariri em A\u00e7\u00e3o pelo WhatsApp (83) 9 9634.5791, (83) 9 9601-1162 ou (83) 9 994189.<\/span><\/strong><\/p>\n<\/div>\n","protected":false},"excerpt":{"rendered":"<p>Diariamente, pelo menos sete trabalhadores no Brasil n\u00e3o voltam para casa no final do dia porque perdem a vida em acidentes de trabalho. Na Para\u00edba,&hellip; <\/p>\n","protected":false},"author":2,"featured_media":16926,"comment_status":"closed","ping_status":"closed","sticky":false,"template":"","format":"standard","meta":{"sfsi_plus_gutenberg_text_before_share":"","sfsi_plus_gutenberg_show_text_before_share":"","sfsi_plus_gutenberg_icon_type":"","sfsi_plus_gutenberg_icon_alignemt":"","sfsi_plus_gutenburg_max_per_row":"","footnotes":""},"categories":[2],"tags":[],"class_list":["post-16925","post","type-post","status-publish","format-standard","has-post-thumbnail","hentry","category-geral"],"_links":{"self":[{"href":"https:\/\/www.caririemacao.com\/1\/wp-json\/wp\/v2\/posts\/16925","targetHints":{"allow":["GET"]}}],"collection":[{"href":"https:\/\/www.caririemacao.com\/1\/wp-json\/wp\/v2\/posts"}],"about":[{"href":"https:\/\/www.caririemacao.com\/1\/wp-json\/wp\/v2\/types\/post"}],"author":[{"embeddable":true,"href":"https:\/\/www.caririemacao.com\/1\/wp-json\/wp\/v2\/users\/2"}],"replies":[{"embeddable":true,"href":"https:\/\/www.caririemacao.com\/1\/wp-json\/wp\/v2\/comments?post=16925"}],"version-history":[{"count":0,"href":"https:\/\/www.caririemacao.com\/1\/wp-json\/wp\/v2\/posts\/16925\/revisions"}],"wp:featuredmedia":[{"embeddable":true,"href":"https:\/\/www.caririemacao.com\/1\/wp-json\/wp\/v2\/media\/16926"}],"wp:attachment":[{"href":"https:\/\/www.caririemacao.com\/1\/wp-json\/wp\/v2\/media?parent=16925"}],"wp:term":[{"taxonomy":"category","embeddable":true,"href":"https:\/\/www.caririemacao.com\/1\/wp-json\/wp\/v2\/categories?post=16925"},{"taxonomy":"post_tag","embeddable":true,"href":"https:\/\/www.caririemacao.com\/1\/wp-json\/wp\/v2\/tags?post=16925"}],"curies":[{"name":"wp","href":"https:\/\/api.w.org\/{rel}","templated":true}]}}