{"id":169252,"date":"2020-05-13T12:36:36","date_gmt":"2020-05-13T15:36:36","guid":{"rendered":"https:\/\/www.caririemacao.com\/1\/?p=169252"},"modified":"2020-05-13T12:36:36","modified_gmt":"2020-05-13T15:36:36","slug":"meus-pacientes-precisam-de-mim-disse-medico-internado-por-covid-19-antes-de-morrer","status":"publish","type":"post","link":"https:\/\/www.caririemacao.com\/1\/2020\/05\/13\/meus-pacientes-precisam-de-mim-disse-medico-internado-por-covid-19-antes-de-morrer\/","title":{"rendered":"&#8216;Meus pacientes precisam de mim&#8217;, disse m\u00e9dico internado por Covid-19 antes de morrer"},"content":{"rendered":"\n<p>A mensagem de celular foi mandada para uma amiga um dia antes de o m\u00e9dico Danilo David Santos, de 33 anos, ser entubado no Hospital Escola de Valen\u00e7a, onde trabalhava, no interior do Rio de Janeiro. Desde ent\u00e3o, a fam\u00edlia n\u00e3o o viu mais. O psiquiatra morreu por Covid-19 na manh\u00e3 do \u00faltimo domingo (10).<\/p>\n\n\n\n<p>Quatro dias antes de apresentar os primeiros sintomas, ele atendeu tr\u00eas pacientes infectados por Covid na UPA onde tamb\u00e9m fazia plant\u00f5es na emerg\u00eancia, no bairro da Tijuca, no Rio de Janeiro.<\/p>\n\n\n\n<p>\u201cLutou, lutou, lutou. Morreu na profiss\u00e3o, se contaminou na profiss\u00e3o, morreu trabalhando\u201d, contou ao&nbsp;<strong>G1<\/strong>&nbsp;a m\u00e3e, Francisca das Chagas dos Santos, de 61 anos, que disse que o filho, de quase dois metros de altura, tinha diabetes e press\u00e3o alta.<\/p>\n\n\n\n<p>Danilo nasceu e cresceu em uma casa de palafita em Bel\u00e9m, no Par\u00e1, que ficava com \u00e1gua at\u00e9 o meio da perna quando a tradicional chuva paraense insistia em ser ainda mais forte. A m\u00e3e, manicure e diarista, e o pai, vidraceiro, juntavam a maior parte da renda para que o garoto conseguisse cursar um col\u00e9gio melhor. Aos 16 anos, passou em tr\u00eas faculdades, Enfermagem, Ci\u00eancias Biol\u00f3gicas e Engenharia Ambiental.<\/p>\n\n\n\n<p>Danilo come\u00e7ou a cursar Enfermagem, mas o sonho era Medicina. Dois anos depois, resolveu prestar vestibular mais uma vez na Universidade Estadual do Par\u00e1 (UEPA).<\/p>\n\n\n\n<p>Como \u00e9 tradi\u00e7\u00e3o em Bel\u00e9m, ele e a m\u00e3e ligaram o r\u00e1dio para escutar, nome por nome, a lista dos aprovados no vestibular, mas n\u00e3o ouviram o nome de Danilo. Minutos depois, uma amiga apareceu na porta com confetes e serpentina, e contou que ele tinha passado em segundo lugar. Ele n\u00e3o acreditou, e foi na casa de uma vizinha que tinha computador para buscar a confirma\u00e7\u00e3o na internet. Nesse dia, dona Francisca comprou uma caixa de fogos e fez feijoada.<\/p>\n\n\n\n<figure class=\"wp-block-image\"><img decoding=\"async\" data-src=\"https:\/\/s01.video.glbimg.com\/x720\/8549620.jpg\" alt=\"No Par\u00e1, 21 m\u00e9dicos paraenses j\u00e1 morreram com Covid-19\" title=\"No Par\u00e1, 21 m\u00e9dicos paraenses j\u00e1 morreram com Covid-19\" src=\"data:image\/svg+xml;base64,PHN2ZyB3aWR0aD0iMSIgaGVpZ2h0PSIxIiB4bWxucz0iaHR0cDovL3d3dy53My5vcmcvMjAwMC9zdmciPjwvc3ZnPg==\" class=\"lazyload\" \/><\/figure>\n\n\n\n<p>No Par\u00e1, 21 m\u00e9dicos paraenses j\u00e1 morreram com Covid-19<\/p>\n\n\n\n<p>O primeiro m\u00e9dico da fam\u00edlia foi fazer resid\u00eancia em psiquiatria no Rio de Janeiro. Na capital fluminense, foi onde tamb\u00e9m conheceu o marido, Gilberto Amaral, em 2015. Com apenas um m\u00eas de namoro, Danilo escondeu uma alian\u00e7a em um brigadeiro e o pediu em casamento.<\/p>\n\n\n\n<p>Al\u00e9m de ensinar Gilberto a comer \u201co verdadeiro a\u00e7a\u00ed\u201d, Danilo o convenceu de que ele tamb\u00e9m era capaz de cursar Medicina, curso que hoje estuda. Quando o marido acabasse a faculdade, o casal planejava adotar um casal de crian\u00e7as, que j\u00e1 tinham at\u00e9 nome. Antes de ser entubado, Danilo deixou um recado com o enfermeiro: \u201cfala com o Gilberto que eu j\u00e1 volto, e quando voltar vamos antecipar a Liz e o Gabriel\u2019.<\/p>\n\n\n\n<p>Em 2017, em um plant\u00e3o em um hospital no Rio de Janeiro, ele foi na porta da emerg\u00eancia para ajudar no andamento da fila. Um homem o olhou e disse que n\u00e3o gostaria de ser atendido por Danilo, porque ele era \u201ccrioulo\u201d. \u201cComo aquela pessoa estava numa situa\u00e7\u00e3o de emerg\u00eancia m\u00e9dica eu tive o discernimento e a \u00e9tica de dizer para ele o seguinte: \u2018voc\u00ea n\u00e3o tem condi\u00e7\u00f5es de dizer quem vai te atender\u2019\u201d. Ap\u00f3s o atendimento, o m\u00e9dico registrou Boletim de Ocorr\u00eancia em uma delegacia por racismo.<\/p>\n\n\n\n<p>REP &#8211; Sob Press\u00e3o: Danilo Silva conta experi\u00eancia como v\u00edtima de racismo<\/p>\n\n\n\n<p>Ele contou este epis\u00f3dio em uma a\u00e7\u00e3o da s\u00e9rie Sob Press\u00e3o, da TV Globo, que mostra os dramas do cotidiano de uma emerg\u00eancia de um hospital p\u00fablico.<strong><em>\u00a0(veja o v\u00eddeo acima).\u00a0<\/em><\/strong>Danilo tamb\u00e9m foi ao programa\u00a0Encontro com a F\u00e1tima\u00a0para falar sobre preconceito.<\/p>\n\n\n\n<blockquote class=\"wp-block-quote is-layout-flow wp-block-quote-is-layout-flow\"><p>\u201cO que temos que mostrar, independente da cor da pele, \u00e9 que estamos onde n\u00f3s estamos porque somos capazes. N\u00f3s temos que cada dia mais nos acostumar com negros em altos cargos, com negros sendo chefes de equipe, com negros tendo um papel social muito mais relevante\u201d, disse Danilo na \u00e9poca.<\/p><\/blockquote>\n\n\n\n<p>O m\u00e9dico deixa o marido, Gilberto, a m\u00e3e, Francisca, o pai, Davi, a irm\u00e3, Daniele, e a sobrinha, Sophia, por quem era apaixonado. \u201cEle foi uma estrela na minha vida e sempre ser\u00e1\u201d, disse a m\u00e3e.<\/p>\n\n\n\n<figure class=\"wp-block-image\"><img decoding=\"async\" data-src=\"https:\/\/s2.glbimg.com\/W7h2p53M-Z-DkduEpBU4oBJh-vI=\/0x0:1280x960\/984x0\/smart\/filters:strip_icc()\/i.s3.glbimg.com\/v1\/AUTH_59edd422c0c84a879bd37670ae4f538a\/internal_photos\/bs\/2020\/P\/a\/S6ScKRTe24yNHNVCRHtA\/whatsapp-image-2020-05-11-at-19.53.31.jpeg\" alt=\"O m\u00e9dico Danilo com o marido, Gilberto Amaral. Os dois casaram em 2016. \u2014 Foto: Arquivo pessoal\" src=\"data:image\/svg+xml;base64,PHN2ZyB3aWR0aD0iMSIgaGVpZ2h0PSIxIiB4bWxucz0iaHR0cDovL3d3dy53My5vcmcvMjAwMC9zdmciPjwvc3ZnPg==\" class=\"lazyload\" \/><\/figure>\n\n\n\n<p>O m\u00e9dico Danilo com o marido, Gilberto Amaral. Os dois casaram em 2016. \u2014 Foto: Arquivo pessoal<\/p>\n\n\n\n<p><\/p>\n\n\n\n<p>Com G1<\/p>\n","protected":false},"excerpt":{"rendered":"<p>A mensagem de celular foi mandada para uma amiga um dia antes de o m\u00e9dico Danilo David Santos, de 33 anos, ser entubado no Hospital&hellip; <\/p>\n","protected":false},"author":1,"featured_media":169254,"comment_status":"closed","ping_status":"closed","sticky":false,"template":"","format":"standard","meta":{"sfsi_plus_gutenberg_text_before_share":"","sfsi_plus_gutenberg_show_text_before_share":"","sfsi_plus_gutenberg_icon_type":"","sfsi_plus_gutenberg_icon_alignemt":"","sfsi_plus_gutenburg_max_per_row":"","footnotes":""},"categories":[2],"tags":[],"class_list":["post-169252","post","type-post","status-publish","format-standard","has-post-thumbnail","hentry","category-geral"],"_links":{"self":[{"href":"https:\/\/www.caririemacao.com\/1\/wp-json\/wp\/v2\/posts\/169252","targetHints":{"allow":["GET"]}}],"collection":[{"href":"https:\/\/www.caririemacao.com\/1\/wp-json\/wp\/v2\/posts"}],"about":[{"href":"https:\/\/www.caririemacao.com\/1\/wp-json\/wp\/v2\/types\/post"}],"author":[{"embeddable":true,"href":"https:\/\/www.caririemacao.com\/1\/wp-json\/wp\/v2\/users\/1"}],"replies":[{"embeddable":true,"href":"https:\/\/www.caririemacao.com\/1\/wp-json\/wp\/v2\/comments?post=169252"}],"version-history":[{"count":1,"href":"https:\/\/www.caririemacao.com\/1\/wp-json\/wp\/v2\/posts\/169252\/revisions"}],"predecessor-version":[{"id":169255,"href":"https:\/\/www.caririemacao.com\/1\/wp-json\/wp\/v2\/posts\/169252\/revisions\/169255"}],"wp:featuredmedia":[{"embeddable":true,"href":"https:\/\/www.caririemacao.com\/1\/wp-json\/wp\/v2\/media\/169254"}],"wp:attachment":[{"href":"https:\/\/www.caririemacao.com\/1\/wp-json\/wp\/v2\/media?parent=169252"}],"wp:term":[{"taxonomy":"category","embeddable":true,"href":"https:\/\/www.caririemacao.com\/1\/wp-json\/wp\/v2\/categories?post=169252"},{"taxonomy":"post_tag","embeddable":true,"href":"https:\/\/www.caririemacao.com\/1\/wp-json\/wp\/v2\/tags?post=169252"}],"curies":[{"name":"wp","href":"https:\/\/api.w.org\/{rel}","templated":true}]}}