{"id":169256,"date":"2020-05-13T12:41:09","date_gmt":"2020-05-13T15:41:09","guid":{"rendered":"https:\/\/www.caririemacao.com\/1\/?p=169256"},"modified":"2020-05-13T12:41:09","modified_gmt":"2020-05-13T15:41:09","slug":"bolsonaro-diz-que-ministro-se-equivocou-e-nega-ter-falado-de-policia-federal-em-reuniao","status":"publish","type":"post","link":"https:\/\/www.caririemacao.com\/1\/2020\/05\/13\/bolsonaro-diz-que-ministro-se-equivocou-e-nega-ter-falado-de-policia-federal-em-reuniao\/","title":{"rendered":"Bolsonaro diz que ministro se &#8216;equivocou&#8217; e nega ter falado de Pol\u00edcia Federal em reuni\u00e3o"},"content":{"rendered":"\n<p>O presidente da Rep\u00fablica\u00a0Jair Bolsonaro\u00a0repetiu nesta quarta-feira (13) que n\u00e3o falou as palavras \u201cPol\u00edcia Federal\u201d na reuni\u00e3o ministerial de 22 de abril, diferentemente do que afirmou o ministro Luiz Eduardo Ramos (Secretaria de Governo)\u00a0em depoimento na ter\u00e7a-feira (12).<\/p>\n\n\n\n<p>O conte\u00fado da reuni\u00e3o citada pelo presidente \u00e9 analisado no inqu\u00e9rito que tramita no\u00a0Supremo Tribunal Federal\u00a0(STF) e apura suspostas tentativas de Bolsonaro de interferir politicamente na\u00a0Pol\u00edcia Federal. Ramos dep\u00f4s nesta ter\u00e7a no \u00e2mbito do inqu\u00e9rito (veja no v\u00eddeo abaixo).<\/p>\n\n\n\n<figure class=\"wp-block-image\"><img decoding=\"async\" data-src=\"https:\/\/s04.video.glbimg.com\/x720\/8549719.jpg\" alt=\"Generais Braga Netto, Augusto Heleno e Luiz Eduardo Ramos prestam depoimento\" title=\"Generais Braga Netto, Augusto Heleno e Luiz Eduardo Ramos prestam depoimento\" src=\"data:image\/svg+xml;base64,PHN2ZyB3aWR0aD0iMSIgaGVpZ2h0PSIxIiB4bWxucz0iaHR0cDovL3d3dy53My5vcmcvMjAwMC9zdmciPjwvc3ZnPg==\" class=\"lazyload\" \/><\/figure>\n\n\n\n<p>00:00\/02:56<\/p>\n\n\n\n<p>Generais Braga Netto, Augusto Heleno e Luiz Eduardo Ramos prestam depoimento<\/p>\n\n\n\n<p>\u201cO Ramos se equivocou. Mas como \u00e9 reuni\u00e3o, tem o v\u00eddeo. O Ramos, se ele falou isso, se equivocou. Se ele falou isso a\u00ed\u201d, disse Bolsonaro nesta quarta.<\/p>\n\n\n\n<p>No depoimento de ter\u00e7a, questionado sobre a reuni\u00e3o, Ramos afirmou que: &#8220;Por duas vezes, ouviu o presidente da Rep\u00fablica reclamar da necessidade de ter mais dados de intelig\u00eancia para a tomada de decis\u00f5es e que, contudo, na reuni\u00e3o do dia 22 de abril, nominou os \u00f3rg\u00e3os Abin, For\u00e7as Armadas, Pol\u00edcia Federal, Pol\u00edcia Militar dos estados e, se outros foram mencionados, n\u00e3o se recorda&#8221;.<\/p>\n\n\n\n<p>Apesar de apenas Ramos ter sido citado nesta quarta pelo presidente, o ministro do Gabinete de Seguran\u00e7a Institucional (GSI), Augusto Heleno,\u00a0tamb\u00e9m afirmou em depoimento que Bolsonaro falou em &#8220;Pol\u00edcia Federal&#8221; na reuni\u00e3o.<\/p>\n\n\n\n<p>Na entrevista desta quarta, Bolsonaro disse que n\u00e3o citou na reuni\u00e3o os termos \u201cPol\u00edcia Federal\u201d, \u201csuperintend\u00eancia\u201d e \u201cinvestiga\u00e7\u00e3o sobre filhos\u201d.<\/p>\n\n\n\n<p>De acordo com o presidente, ele falou sobre a seguran\u00e7a da fam\u00edlia, que compete ao Gabinete de Seguran\u00e7a Institucional (GSI) e n\u00e3o ao Minist\u00e9rio da Justi\u00e7a e Seguran\u00e7a P\u00fablica, que na reuni\u00e3o ainda era comandando por Sergio Moro. Bolsonaro tamb\u00e9m afirmou n\u00e3o ter falado o nome de Moro na reuni\u00e3o.<\/p>\n\n\n\n<p>\u201cN\u00e3o falei o nome dele no v\u00eddeo (de Moro). N\u00e3o falei o nome dele no v\u00eddeo. N\u00e3o existe a palavra Sergio Moro. Eu cobrei a minha seguran\u00e7a pessoal no Rio de Janeiro. A PF n\u00e3o faz minha seguran\u00e7a pessoal, quem faz \u00e9 o GSI\u201d, disse. A Pol\u00edcia Federal faz parte da estrutura do Minist\u00e9rio da Justi\u00e7a.<\/p>\n\n\n\n<p>Questionado se na reuni\u00e3o insinuou que substituiria os ministros da Justi\u00e7a ou do GSI, o presidente disse: \u201cT\u00e1 na cara. Quem trata de seguran\u00e7a? O ministro \u00e9 o Heleno. O ministro \u00e9 o Heleno\u201d. O presidente n\u00e3o quis detalhar se cogitou demitir Heleno.<\/p>\n\n\n\n<p>Nesta quarta, Bolsonaro disse ter decidido acabar com as reuni\u00f5es do conselho de ministros, como a realizada no dia 22 de abril. Esses encontros costumam acontecer quinzenalmente, com a presen\u00e7a do presidente, dos ministros e outras autoridades.<\/p>\n\n\n\n<p>Segundo o presidente, ele passar\u00e1 a realizar uma vez por m\u00eas um caf\u00e9 da manh\u00e3 com os ministros e hasteamento da bandeira nacional. Bolsonaro disse que, independente de acabar com as reuni\u00f5es do conselho de governo, todo dia recebe alguns ministros e seguir\u00e1 com as conversas individuais &#8220;para evitar esse tipo de problema&#8221;.<\/p>\n\n\n\n<p>&#8220;N\u00e3o vai ser do conselho, vai ser um caf\u00e9 da manh\u00e3, de 8h at\u00e9 9h da manh\u00e3, caf\u00e9, 9h\/ 9h30 o pessoal vai embora. Bater um papo, um olhar para a cara do outro, trocar uma ideia t\u00e1 ok? E, individualmente, tratar alguns assuntos, mas uma reuni\u00e3o muito mais de confraterniza\u00e7\u00e3o mensal de todos os ministros de uma hora e meia no m\u00e1ximo&#8221;, explicou.<\/p>\n\n\n\n<p>Com G1<\/p>\n","protected":false},"excerpt":{"rendered":"<p>O presidente da Rep\u00fablica\u00a0Jair Bolsonaro\u00a0repetiu nesta quarta-feira (13) que n\u00e3o falou as palavras \u201cPol\u00edcia Federal\u201d na reuni\u00e3o ministerial de 22 de abril, diferentemente do que&hellip; <\/p>\n","protected":false},"author":1,"featured_media":168905,"comment_status":"closed","ping_status":"closed","sticky":false,"template":"","format":"standard","meta":{"sfsi_plus_gutenberg_text_before_share":"","sfsi_plus_gutenberg_show_text_before_share":"","sfsi_plus_gutenberg_icon_type":"","sfsi_plus_gutenberg_icon_alignemt":"","sfsi_plus_gutenburg_max_per_row":"","footnotes":""},"categories":[11],"tags":[],"class_list":["post-169256","post","type-post","status-publish","format-standard","has-post-thumbnail","hentry","category-politica"],"_links":{"self":[{"href":"https:\/\/www.caririemacao.com\/1\/wp-json\/wp\/v2\/posts\/169256","targetHints":{"allow":["GET"]}}],"collection":[{"href":"https:\/\/www.caririemacao.com\/1\/wp-json\/wp\/v2\/posts"}],"about":[{"href":"https:\/\/www.caririemacao.com\/1\/wp-json\/wp\/v2\/types\/post"}],"author":[{"embeddable":true,"href":"https:\/\/www.caririemacao.com\/1\/wp-json\/wp\/v2\/users\/1"}],"replies":[{"embeddable":true,"href":"https:\/\/www.caririemacao.com\/1\/wp-json\/wp\/v2\/comments?post=169256"}],"version-history":[{"count":1,"href":"https:\/\/www.caririemacao.com\/1\/wp-json\/wp\/v2\/posts\/169256\/revisions"}],"predecessor-version":[{"id":169257,"href":"https:\/\/www.caririemacao.com\/1\/wp-json\/wp\/v2\/posts\/169256\/revisions\/169257"}],"wp:featuredmedia":[{"embeddable":true,"href":"https:\/\/www.caririemacao.com\/1\/wp-json\/wp\/v2\/media\/168905"}],"wp:attachment":[{"href":"https:\/\/www.caririemacao.com\/1\/wp-json\/wp\/v2\/media?parent=169256"}],"wp:term":[{"taxonomy":"category","embeddable":true,"href":"https:\/\/www.caririemacao.com\/1\/wp-json\/wp\/v2\/categories?post=169256"},{"taxonomy":"post_tag","embeddable":true,"href":"https:\/\/www.caririemacao.com\/1\/wp-json\/wp\/v2\/tags?post=169256"}],"curies":[{"name":"wp","href":"https:\/\/api.w.org\/{rel}","templated":true}]}}