{"id":169258,"date":"2020-05-13T12:45:24","date_gmt":"2020-05-13T15:45:24","guid":{"rendered":"https:\/\/www.caririemacao.com\/1\/?p=169258"},"modified":"2020-05-13T12:46:25","modified_gmt":"2020-05-13T15:46:25","slug":"brasil-supera-alemanha-em-numero-de-casos-e-fica-sem-7-em-balanco-de-universidade","status":"publish","type":"post","link":"https:\/\/www.caririemacao.com\/1\/2020\/05\/13\/brasil-supera-alemanha-em-numero-de-casos-e-fica-sem-7-em-balanco-de-universidade\/","title":{"rendered":"Brasil supera Alemanha em n\u00famero de casos e fica em 7\u00b0 em balan\u00e7o de universidade"},"content":{"rendered":"\n<p>O Brasil ultrapassou a Alemanha na ter\u00e7a-feira (13) no n\u00famero de infec\u00e7\u00f5es pelo novo coronav\u00edrus (Sars-Cov-2) e se tornou o 7\u00ba pa\u00eds do mundo com mais casos, de acordo com o levantamento feito pela universidade americana Johns Hopkins.<\/p>\n\n\n\n<p>Embora os&nbsp;9.258 novos casos de Covid-19 anunciados na ter\u00e7a&nbsp;n\u00e3o representem um recorde di\u00e1rio, eles fizeram com o que o Brasil j\u00e1 some mais de 178,2 mil casos. A Alemanha, que \u00e9 um dos pa\u00edses que mais aplicam testes, j\u00e1 registrou mais de 173 mil infectados. O Brasil ainda deve superar em breve a Fran\u00e7a no balan\u00e7o da universidade.<\/p>\n\n\n\n<p>Nesta quarta-feira (13), ranking dos pa\u00edses com mais casos de infec\u00e7\u00e3o, que \u00e9 constantemente atualizado, indica que 4,2 milh\u00f5es de pessoas j\u00e1 foram infectadas pelo novo coronav\u00edrus em todo o mundo. Os pa\u00edses com mais casos s\u00e3o:<\/p>\n\n\n\n<ul class=\"wp-block-list\"><li>EUA com 1,3 milh\u00e3o de infectados e 82,3 mil mortes;<\/li><li>R\u00fassia com 242 mil infectados e 2,2 mil mortes;<\/li><li>Espanha tem 228 mil e 26,9 mil mortes;<\/li><li>Reino Unido tem 227 mil e 32,7 mil mortes;<\/li><li>It\u00e1lia com 221 mil e 30,9 mil mortes;<\/li><li>Fran\u00e7a com 178,3 mil infectados e 26,9 mil mortes;<\/li><li>Brasil com 178,2 mil infectados e 12.461 mortes;<\/li><li>Alemanha com 173 mil infectados e 7,7 mil mortes;<\/li><li>Turquia com 141 mil infectados e 3,8 mil mortes;<\/li><li>Ir\u00e3 com 110,7 mil infectados e 6,7 mil mortes;<\/li><li>China com 84 mil infectados e 4,6 mil mortes.<\/li><\/ul>\n\n\n\n<p>O&nbsp;Brasil \u00e9 o 6\u00ba do ranking dos pa\u00edses com mais mortes, ficando atr\u00e1s dos EUA, Reino Unido, It\u00e1lia, Fran\u00e7a e It\u00e1lia, ainda segundo a universidade.<\/p>\n\n\n\n<p>O balan\u00e7o oficial fornecido pelos governos, que \u00e9 utilizado pela universidade para montar esse ranking, no entanto, n\u00e3o reflete o real n\u00famero de infectados pelo novo v\u00edrus, que surgiu no fim de 2019 na China. Como n\u00e3o h\u00e1 testagem em massa na maior parte dos pa\u00edses, como acontece na Alemanha e na Coreia do Sul, n\u00e3o h\u00e1 como saber exatamente quantas pessoas foram atingidas.<\/p>\n\n\n\n<p>No caso do Brasil, o pa\u00eds realizou at\u00e9 o momento 482.743 exames, dos quais mais de 145 mil ainda aguardam resultado. Como esse n\u00famero de testes \u00e9 relativamente baixo e a prioridade \u00e9 para os pacientes graves, aqueles que precisam ser hospitalizados, o n\u00famero de subnotifica\u00e7\u00f5es \u00e9 elevado.<\/p>\n\n\n\n<p>Cientistas brasileiros estimam que o&nbsp;n\u00famero real de casos de coronav\u00edrus no pa\u00eds j\u00e1 estava em 1,6 milh\u00e3o&nbsp;na semana passada. Para indicar as subnotifica\u00e7\u00f5es, cientistas analisaram os&nbsp;dados da Funda\u00e7\u00e3o Oswaldo Cruz (Fiocruz)&nbsp;e&nbsp;registros dos \u00f3rg\u00e3os regionais. O&nbsp;<strong>G1<\/strong>&nbsp;tamb\u00e9m noticiou que os n\u00fameros reais da doen\u00e7a s\u00e3o maiores do que os apresentados pelo Governo Federal.<\/p>\n\n\n\n<p>O crescimento de quase 10 vezes o n\u00famero de interna\u00e7\u00f5es e de 1.035% de mortes por s\u00edndromes respirat\u00f3rias s\u00e3o evid\u00eancias da subnotifica\u00e7\u00e3o de mortes e casos graves de Covid-19 no pa\u00eds.<\/p>\n\n\n\n<p>Com G1<\/p>\n","protected":false},"excerpt":{"rendered":"<p>O Brasil ultrapassou a Alemanha na ter\u00e7a-feira (13) no n\u00famero de infec\u00e7\u00f5es pelo novo coronav\u00edrus (Sars-Cov-2) e se tornou o 7\u00ba pa\u00eds do mundo com&hellip; <\/p>\n","protected":false},"author":1,"featured_media":169259,"comment_status":"closed","ping_status":"closed","sticky":false,"template":"","format":"standard","meta":{"sfsi_plus_gutenberg_text_before_share":"","sfsi_plus_gutenberg_show_text_before_share":"","sfsi_plus_gutenberg_icon_type":"","sfsi_plus_gutenberg_icon_alignemt":"","sfsi_plus_gutenburg_max_per_row":"","footnotes":""},"categories":[2,16],"tags":[],"class_list":["post-169258","post","type-post","status-publish","format-standard","has-post-thumbnail","hentry","category-geral","category-saude"],"_links":{"self":[{"href":"https:\/\/www.caririemacao.com\/1\/wp-json\/wp\/v2\/posts\/169258","targetHints":{"allow":["GET"]}}],"collection":[{"href":"https:\/\/www.caririemacao.com\/1\/wp-json\/wp\/v2\/posts"}],"about":[{"href":"https:\/\/www.caririemacao.com\/1\/wp-json\/wp\/v2\/types\/post"}],"author":[{"embeddable":true,"href":"https:\/\/www.caririemacao.com\/1\/wp-json\/wp\/v2\/users\/1"}],"replies":[{"embeddable":true,"href":"https:\/\/www.caririemacao.com\/1\/wp-json\/wp\/v2\/comments?post=169258"}],"version-history":[{"count":2,"href":"https:\/\/www.caririemacao.com\/1\/wp-json\/wp\/v2\/posts\/169258\/revisions"}],"predecessor-version":[{"id":169261,"href":"https:\/\/www.caririemacao.com\/1\/wp-json\/wp\/v2\/posts\/169258\/revisions\/169261"}],"wp:featuredmedia":[{"embeddable":true,"href":"https:\/\/www.caririemacao.com\/1\/wp-json\/wp\/v2\/media\/169259"}],"wp:attachment":[{"href":"https:\/\/www.caririemacao.com\/1\/wp-json\/wp\/v2\/media?parent=169258"}],"wp:term":[{"taxonomy":"category","embeddable":true,"href":"https:\/\/www.caririemacao.com\/1\/wp-json\/wp\/v2\/categories?post=169258"},{"taxonomy":"post_tag","embeddable":true,"href":"https:\/\/www.caririemacao.com\/1\/wp-json\/wp\/v2\/tags?post=169258"}],"curies":[{"name":"wp","href":"https:\/\/api.w.org\/{rel}","templated":true}]}}