{"id":169262,"date":"2020-05-13T12:51:44","date_gmt":"2020-05-13T15:51:44","guid":{"rendered":"https:\/\/www.caririemacao.com\/1\/?p=169262"},"modified":"2020-05-13T12:51:44","modified_gmt":"2020-05-13T15:51:44","slug":"pacientes-que-poderiam-sobreviver-se-tivessem-acesso-a-um-respirador-morrem-no-amazonas","status":"publish","type":"post","link":"https:\/\/www.caririemacao.com\/1\/2020\/05\/13\/pacientes-que-poderiam-sobreviver-se-tivessem-acesso-a-um-respirador-morrem-no-amazonas\/","title":{"rendered":"Pacientes que poderiam sobreviver se tivessem acesso a um respirador morrem no Amazonas"},"content":{"rendered":"\n<p>O estado do Amazonas tem sete leitos de UTI para cada 100 mil habitantes &#8211; um quarto da taxa do Distrito Federal, por exemplo. Na pandemia do coronav\u00edrus, o resultado disso \u00e9 a morte de pacientes em estado grave que poderiam ter sobrevivido se tivessem acesso a um respirador.<\/p>\n\n\n\n<p>Na porta do Hospital Estadual Plat\u00e3o Ara\u00fajo, o desespero. Luziane perdeu o marido, Leandro Jorge Lima, de 44 anos. Oficialmente, ele morreu de insufici\u00eancia respirat\u00f3ria aguda. O teste para a Covid-19 ainda n\u00e3o ficou pronto.<\/p>\n\n\n\n<p>A fam\u00edlia denuncia que n\u00e3o havia respirador dispon\u00edvel no hospital. Durante a interna\u00e7\u00e3o de tr\u00eas dias, os m\u00e9dicos improvisaram um respirador com saco pl\u00e1stico. \u201cEle sofreu muito, demais. Ele n\u00e3o conseguia respirar. A\u00ed eles ficam falando que todos os hospitais est\u00e3o equipados, tudo mentira. Se voc\u00eas falarem com pessoas que eu vi l\u00e1 onde a gente estava, que est\u00e3o ali pegando o corpo da fam\u00edlia, que estavam l\u00e1. Cad\u00ea, ent\u00e3o, esse neg\u00f3cio?\u201d.<\/p>\n\n\n\n<p>Mais cedo, no mesmo hospital, S\u00e9rgio chorou muito pela perda do pai, seu Ant\u00f4nio, de 66 anos. Ele tinha Covid-19. Esperou oito dias por um respirador, mas s\u00f3 foi transferido para a UTI nesta quinta-feira e utilizou o equipamento por apenas 50 minutos. Seu Ant\u00f4nio teve uma parada card\u00edaca e n\u00e3o resistiu.<\/p>\n\n\n\n<p>\u201cEle foi muito feliz para intuba\u00e7\u00e3o, meu pai. Foi muito feliz. O desejo que ele sempre tinha era ter um respirador, ele tinha esperan\u00e7a. Um desejo que ele sempre pediu, desde o in\u00edcio. \u2018Eu quero um respirador, eu quero um respirador\u2019 e a gente n\u00e3o encontrou. A gente lutou, n\u00e3o encontrou. Quando encontrou, foi no final da vida dele. Muito triste\u201d, conta S\u00e9rgio Monteiro, consultor de vendas.<\/p>\n\n\n\n<p>M\u00e9dicos relatam que n\u00e3o h\u00e1 respiradores para atender a todos os pacientes e que muitas vezes s\u00e3o obrigados a escolher quem vai ter acesso ao equipamento.<\/p>\n\n\n\n<p>O governo do Amazonas aumentou a estrutura e o n\u00famero de leitos nos quatro hospitais do estado, um de refer\u00eancia e tr\u00eas de apoio, que atendem pacientes com Covid-19. Mas a taxa de ocupa\u00e7\u00e3o de leitos de UTI \u00e9 alta: 89%. E a superlota\u00e7\u00e3o continua.<\/p>\n\n\n\n<p>Os \u00faltimos n\u00fameros divulgados mostram 10.099 casos confirmados e 806 mortes. O caos na sa\u00fade se reflete no sistema funer\u00e1rio, que tem enterros coletivos em valas comuns.<\/p>\n\n\n\n<p>A dire\u00e7\u00e3o do Hospital Plat\u00e3o Ara\u00fajo afirmou que o paciente Ant\u00f4nio Teles da Gama recebeu todos os cuidados condizentes com a evolu\u00e7\u00e3o do quadro de sa\u00fade dele. O hospital n\u00e3o se pronunciou sobre o caso de Leandro Jorge Lima, que foi fotografado com o respirador improvisado com um saco pl\u00e1stico.<\/p>\n\n\n\n<p>Com G1<\/p>\n","protected":false},"excerpt":{"rendered":"<p>O estado do Amazonas tem sete leitos de UTI para cada 100 mil habitantes &#8211; um quarto da taxa do Distrito Federal, por exemplo. Na&hellip; <\/p>\n","protected":false},"author":1,"featured_media":166039,"comment_status":"closed","ping_status":"closed","sticky":false,"template":"","format":"standard","meta":{"sfsi_plus_gutenberg_text_before_share":"","sfsi_plus_gutenberg_show_text_before_share":"","sfsi_plus_gutenberg_icon_type":"","sfsi_plus_gutenberg_icon_alignemt":"","sfsi_plus_gutenburg_max_per_row":"","footnotes":""},"categories":[2],"tags":[],"class_list":["post-169262","post","type-post","status-publish","format-standard","has-post-thumbnail","hentry","category-geral"],"_links":{"self":[{"href":"https:\/\/www.caririemacao.com\/1\/wp-json\/wp\/v2\/posts\/169262","targetHints":{"allow":["GET"]}}],"collection":[{"href":"https:\/\/www.caririemacao.com\/1\/wp-json\/wp\/v2\/posts"}],"about":[{"href":"https:\/\/www.caririemacao.com\/1\/wp-json\/wp\/v2\/types\/post"}],"author":[{"embeddable":true,"href":"https:\/\/www.caririemacao.com\/1\/wp-json\/wp\/v2\/users\/1"}],"replies":[{"embeddable":true,"href":"https:\/\/www.caririemacao.com\/1\/wp-json\/wp\/v2\/comments?post=169262"}],"version-history":[{"count":1,"href":"https:\/\/www.caririemacao.com\/1\/wp-json\/wp\/v2\/posts\/169262\/revisions"}],"predecessor-version":[{"id":169263,"href":"https:\/\/www.caririemacao.com\/1\/wp-json\/wp\/v2\/posts\/169262\/revisions\/169263"}],"wp:featuredmedia":[{"embeddable":true,"href":"https:\/\/www.caririemacao.com\/1\/wp-json\/wp\/v2\/media\/166039"}],"wp:attachment":[{"href":"https:\/\/www.caririemacao.com\/1\/wp-json\/wp\/v2\/media?parent=169262"}],"wp:term":[{"taxonomy":"category","embeddable":true,"href":"https:\/\/www.caririemacao.com\/1\/wp-json\/wp\/v2\/categories?post=169262"},{"taxonomy":"post_tag","embeddable":true,"href":"https:\/\/www.caririemacao.com\/1\/wp-json\/wp\/v2\/tags?post=169262"}],"curies":[{"name":"wp","href":"https:\/\/api.w.org\/{rel}","templated":true}]}}