{"id":169264,"date":"2020-05-13T12:56:47","date_gmt":"2020-05-13T15:56:47","guid":{"rendered":"https:\/\/www.caririemacao.com\/1\/?p=169264"},"modified":"2020-05-13T12:57:08","modified_gmt":"2020-05-13T15:57:08","slug":"prefeitura-de-camalau-adquire-5-lavatorios-coletivos-para-o-combate-contra-o-covid-19","status":"publish","type":"post","link":"https:\/\/www.caririemacao.com\/1\/2020\/05\/13\/prefeitura-de-camalau-adquire-5-lavatorios-coletivos-para-o-combate-contra-o-covid-19\/","title":{"rendered":"Prefeitura de Camala\u00fa adquire 5 lavat\u00f3rios coletivos para o combate contra o Covid-19"},"content":{"rendered":"\n<p>A Prefeitura Municipal de Camala\u00fa vem implementando medidas de preven\u00e7\u00e3o ao v\u00edrus do COVID-19 atrav\u00e9s de todas as estrat\u00e9gias poss\u00edveis.<\/p>\n\n\n\n<p>Nesta quarta-feira 13, o prefeito Sandro M\u00f4co anunciou a aquisi\u00e7\u00e3o de 05 lavat\u00f3rios coletivos, que ser\u00e3o instalados em pontos estrat\u00e9gicos com maior fluxo de pessoas, para que estas possam fazer a higieniza\u00e7\u00e3o de suas m\u00e3os.<\/p>\n\n\n\n<p>\u201c\u00c9 mais uma estrat\u00e9gia que estava ao nosso alcance, e n\u00e3o estamos medindo esfor\u00e7os para buscar todas as formas de implantar medidas preventivas\u201d, disse o prefeito.<\/p>\n\n\n\n<p>\u201cOs recursos est\u00e3o sendo aplicados de forma transparente e comprovada em a\u00e7\u00f5es em prol da preven\u00e7\u00e3o ao v\u00edrus, e continuaremos agindo neste sentido\u201d, afirmou o gestor.<\/p>\n\n\n\n<p>Recentemente o prefeito Sandro tamb\u00e9m entregou kits completos de EPIs para agentes de endemias e agentes comunit\u00e1rios e v\u00e1rios materiais de trabalho inclusive modernos aparelhos de infravermelho para medi\u00e7\u00e3o de temperatura precisa das pessoas que est\u00e3o atravessando as barreiras sanit\u00e1rias, entre diversas outras a\u00e7\u00f5es. <\/p>\n","protected":false},"excerpt":{"rendered":"<p>A Prefeitura Municipal de Camala\u00fa vem implementando medidas de preven\u00e7\u00e3o ao v\u00edrus do COVID-19 atrav\u00e9s de todas as estrat\u00e9gias poss\u00edveis. Nesta quarta-feira 13, o prefeito&hellip; <\/p>\n","protected":false},"author":1,"featured_media":169265,"comment_status":"closed","ping_status":"closed","sticky":false,"template":"","format":"standard","meta":{"sfsi_plus_gutenberg_text_before_share":"","sfsi_plus_gutenberg_show_text_before_share":"","sfsi_plus_gutenberg_icon_type":"","sfsi_plus_gutenberg_icon_alignemt":"","sfsi_plus_gutenburg_max_per_row":"","footnotes":""},"categories":[6,50],"tags":[],"class_list":["post-169264","post","type-post","status-publish","format-standard","has-post-thumbnail","hentry","category-cidades","category-destaque"],"_links":{"self":[{"href":"https:\/\/www.caririemacao.com\/1\/wp-json\/wp\/v2\/posts\/169264","targetHints":{"allow":["GET"]}}],"collection":[{"href":"https:\/\/www.caririemacao.com\/1\/wp-json\/wp\/v2\/posts"}],"about":[{"href":"https:\/\/www.caririemacao.com\/1\/wp-json\/wp\/v2\/types\/post"}],"author":[{"embeddable":true,"href":"https:\/\/www.caririemacao.com\/1\/wp-json\/wp\/v2\/users\/1"}],"replies":[{"embeddable":true,"href":"https:\/\/www.caririemacao.com\/1\/wp-json\/wp\/v2\/comments?post=169264"}],"version-history":[{"count":2,"href":"https:\/\/www.caririemacao.com\/1\/wp-json\/wp\/v2\/posts\/169264\/revisions"}],"predecessor-version":[{"id":169267,"href":"https:\/\/www.caririemacao.com\/1\/wp-json\/wp\/v2\/posts\/169264\/revisions\/169267"}],"wp:featuredmedia":[{"embeddable":true,"href":"https:\/\/www.caririemacao.com\/1\/wp-json\/wp\/v2\/media\/169265"}],"wp:attachment":[{"href":"https:\/\/www.caririemacao.com\/1\/wp-json\/wp\/v2\/media?parent=169264"}],"wp:term":[{"taxonomy":"category","embeddable":true,"href":"https:\/\/www.caririemacao.com\/1\/wp-json\/wp\/v2\/categories?post=169264"},{"taxonomy":"post_tag","embeddable":true,"href":"https:\/\/www.caririemacao.com\/1\/wp-json\/wp\/v2\/tags?post=169264"}],"curies":[{"name":"wp","href":"https:\/\/api.w.org\/{rel}","templated":true}]}}