{"id":169278,"date":"2020-05-13T13:20:41","date_gmt":"2020-05-13T16:20:41","guid":{"rendered":"https:\/\/www.caririemacao.com\/1\/?p=169278"},"modified":"2020-05-13T13:20:41","modified_gmt":"2020-05-13T16:20:41","slug":"em-videoconferencia-entidades-medicas-e-governador-da-paraiba-discutem-solucoes-para-contratacao-de-profissionais","status":"publish","type":"post","link":"https:\/\/www.caririemacao.com\/1\/2020\/05\/13\/em-videoconferencia-entidades-medicas-e-governador-da-paraiba-discutem-solucoes-para-contratacao-de-profissionais\/","title":{"rendered":"Em videoconfer\u00eancia, entidades m\u00e9dicas e governador da Para\u00edba discutem solu\u00e7\u00f5es para contrata\u00e7\u00e3o de profissionais"},"content":{"rendered":"\n<h1 class=\"wp-block-heading\"><\/h1>\n\n\n\n<p>Representantes do Conselho Regional de Medicina da Para\u00edba (CRM-PB), do Conselho Federal de Medicina (CFM), da Associa\u00e7\u00e3o M\u00e9dica da Para\u00edba (AMPB) e da Unimed Jo\u00e3o Pessoa participaram, nessa ter\u00e7a-feira (12), de uma videoconfer\u00eancia com o governador, Jo\u00e3o Azev\u00eado, para discutir a contrata\u00e7\u00e3o de m\u00e9dicos especialistas para os hospitais de refer\u00eancia ao atendimento de Covid-19 no Estado.<\/p>\n\n\n\n<p>De acordo com os representantes das entidades, um dos entraves para a ades\u00e3o dos profissionais aos editais \u00e9 a falta de garantias, por parte do poder p\u00fablico, nos casos de afastamento por motivos de sa\u00fade. Como t\u00eam sido crescentes os casos de profissionais de sa\u00fade infectados pelo coronav\u00edrus e que s\u00e3o obrigados a se afastar de suas atividades, as entidades solicitam que o governo ofere\u00e7a garantias de remunera\u00e7\u00e3o, mesmo com o afastamento. \u201cN\u00e3o se abandona um soldado ferido no campo de batalha\u201d, afirmou o vice-presidente da AMPB, Ronald Farias.<\/p>\n\n\n\n<p>As entidades m\u00e9dicas sugeriram que, numa crise sanit\u00e1ria dessa magnitude, os editais para contrata\u00e7\u00e3o sejam simplificados, possibilitando que os melhores especialistas em neurocirurgia, anestesiologia, medicina intensiva e cardiologia possam ser contratados.&nbsp; \u201cO CRM-PB e a AMPB refor\u00e7aram com o governador o compromisso de ajudar no quer for necess\u00e1rio para o enfrentamento da epidemia, sabendo que cabe ao governador, autoridade maior, a decis\u00e3o de conduzir a Para\u00edba nesse momento t\u00e3o dif\u00edcil\u201d, destacou o presidente do CRM-PB, Roberto Magliano.<\/p>\n\n\n\n<p>O presidente da Unimed Jo\u00e3o Pessoa, Gualter Ramalho, se disp\u00f4s a transferir todas as informa\u00e7\u00f5es, protocolos de tratamento, log\u00edstica e conhecimento cient\u00edfico aplicados com sucesso no Hospital Alberto Urquiza Wanderley para o estado da Para\u00edba. \u201cA hora \u00e9 de jogarmos como um time. Estamos dispostos a transferir, ao Governo do Estado, toda tecnologia e protocolos de tratamento que tem sido utilizados com sucesso e salvado vidas, em particular nas unidades de terapia intensiva\u201d, disse.<\/p>\n","protected":false},"excerpt":{"rendered":"<p>Representantes do Conselho Regional de Medicina da Para\u00edba (CRM-PB), do Conselho Federal de Medicina (CFM), da Associa\u00e7\u00e3o M\u00e9dica da Para\u00edba (AMPB) e da Unimed Jo\u00e3o&hellip; <\/p>\n","protected":false},"author":2,"featured_media":169279,"comment_status":"closed","ping_status":"closed","sticky":false,"template":"","format":"standard","meta":{"sfsi_plus_gutenberg_text_before_share":"","sfsi_plus_gutenberg_show_text_before_share":"","sfsi_plus_gutenberg_icon_type":"","sfsi_plus_gutenberg_icon_alignemt":"","sfsi_plus_gutenburg_max_per_row":"","footnotes":""},"categories":[2],"tags":[],"class_list":["post-169278","post","type-post","status-publish","format-standard","has-post-thumbnail","hentry","category-geral"],"_links":{"self":[{"href":"https:\/\/www.caririemacao.com\/1\/wp-json\/wp\/v2\/posts\/169278","targetHints":{"allow":["GET"]}}],"collection":[{"href":"https:\/\/www.caririemacao.com\/1\/wp-json\/wp\/v2\/posts"}],"about":[{"href":"https:\/\/www.caririemacao.com\/1\/wp-json\/wp\/v2\/types\/post"}],"author":[{"embeddable":true,"href":"https:\/\/www.caririemacao.com\/1\/wp-json\/wp\/v2\/users\/2"}],"replies":[{"embeddable":true,"href":"https:\/\/www.caririemacao.com\/1\/wp-json\/wp\/v2\/comments?post=169278"}],"version-history":[{"count":1,"href":"https:\/\/www.caririemacao.com\/1\/wp-json\/wp\/v2\/posts\/169278\/revisions"}],"predecessor-version":[{"id":169280,"href":"https:\/\/www.caririemacao.com\/1\/wp-json\/wp\/v2\/posts\/169278\/revisions\/169280"}],"wp:featuredmedia":[{"embeddable":true,"href":"https:\/\/www.caririemacao.com\/1\/wp-json\/wp\/v2\/media\/169279"}],"wp:attachment":[{"href":"https:\/\/www.caririemacao.com\/1\/wp-json\/wp\/v2\/media?parent=169278"}],"wp:term":[{"taxonomy":"category","embeddable":true,"href":"https:\/\/www.caririemacao.com\/1\/wp-json\/wp\/v2\/categories?post=169278"},{"taxonomy":"post_tag","embeddable":true,"href":"https:\/\/www.caririemacao.com\/1\/wp-json\/wp\/v2\/tags?post=169278"}],"curies":[{"name":"wp","href":"https:\/\/api.w.org\/{rel}","templated":true}]}}