{"id":169282,"date":"2020-05-13T14:18:56","date_gmt":"2020-05-13T17:18:56","guid":{"rendered":"https:\/\/www.caririemacao.com\/1\/?p=169282"},"modified":"2020-05-13T14:18:56","modified_gmt":"2020-05-13T17:18:56","slug":"policia-intercepta-carro-e-recupera-dez-baterias-roubadas-de-empresa-de-telefonia-na-paraiba","status":"publish","type":"post","link":"https:\/\/www.caririemacao.com\/1\/2020\/05\/13\/policia-intercepta-carro-e-recupera-dez-baterias-roubadas-de-empresa-de-telefonia-na-paraiba\/","title":{"rendered":"Pol\u00edcia intercepta carro e recupera dez baterias roubadas de empresa de telefonia na Para\u00edba"},"content":{"rendered":"\n<h1 class=\"wp-block-heading\"><\/h1>\n\n\n\n<p>A Pol\u00edcia Militar interceptou, na noite dessa ter\u00e7a-feira (12), na cidade de Sap\u00e9, um carro que estava transportando 11 baterias usadas para alimentar torres de telefonia m\u00f3vel. O material, avaliado em mais de 13 mil reais, teria sido furtado de munic\u00edpios do Brejo da Para\u00edba e seria vendido por menos da metade do valor, conforme os primeiros levantamentos.<\/p>\n\n\n\n<p>De acordo com o comandante da 3\u00aa Companhia do 7\u00ba Batalh\u00e3o, major Fl\u00e1vio Silva, a apreens\u00e3o aconteceu durante uma barreira policial.&nbsp;<\/p>\n\n\n\n<p>\u201cEm um check point realizado pelas equipes da 3\u00aa Companhia do 7\u00ba Batalh\u00e3o, com o objetivo de abordar ve\u00edculos e trazer mais seguran\u00e7a para a popula\u00e7\u00e3o, na cidade de Sap\u00e9, verificamos que dentro de uma saveiro branca tinham v\u00e1rias baterias e o condutor do ve\u00edculo n\u00e3o conseguiu explicar a proced\u00eancia\u201d, detalhou.<\/p>\n\n\n\n<p>No levantamento de informa\u00e7\u00f5es sobre o material, a PM descobriu que se tratava de baterias para alimentar torres de telefonia m\u00f3vel de uma operadora, que confirmou que cada uma delas custava 1.200 reais. Foram recebidos informes, que ainda ser\u00e3o investigados, de que o material estava sendo negociado pela internet por 400 reais, cada.<\/p>\n\n\n\n<p>O caso foi levado para a Central de Pol\u00edcia, em Jo\u00e3o Pessoa.<\/p>\n","protected":false},"excerpt":{"rendered":"<p>A Pol\u00edcia Militar interceptou, na noite dessa ter\u00e7a-feira (12), na cidade de Sap\u00e9, um carro que estava transportando 11 baterias usadas para alimentar torres de&hellip; <\/p>\n","protected":false},"author":2,"featured_media":169283,"comment_status":"closed","ping_status":"closed","sticky":false,"template":"","format":"standard","meta":{"sfsi_plus_gutenberg_text_before_share":"","sfsi_plus_gutenberg_show_text_before_share":"","sfsi_plus_gutenberg_icon_type":"","sfsi_plus_gutenberg_icon_alignemt":"","sfsi_plus_gutenburg_max_per_row":"","footnotes":""},"categories":[12],"tags":[],"class_list":["post-169282","post","type-post","status-publish","format-standard","has-post-thumbnail","hentry","category-policia"],"_links":{"self":[{"href":"https:\/\/www.caririemacao.com\/1\/wp-json\/wp\/v2\/posts\/169282","targetHints":{"allow":["GET"]}}],"collection":[{"href":"https:\/\/www.caririemacao.com\/1\/wp-json\/wp\/v2\/posts"}],"about":[{"href":"https:\/\/www.caririemacao.com\/1\/wp-json\/wp\/v2\/types\/post"}],"author":[{"embeddable":true,"href":"https:\/\/www.caririemacao.com\/1\/wp-json\/wp\/v2\/users\/2"}],"replies":[{"embeddable":true,"href":"https:\/\/www.caririemacao.com\/1\/wp-json\/wp\/v2\/comments?post=169282"}],"version-history":[{"count":1,"href":"https:\/\/www.caririemacao.com\/1\/wp-json\/wp\/v2\/posts\/169282\/revisions"}],"predecessor-version":[{"id":169284,"href":"https:\/\/www.caririemacao.com\/1\/wp-json\/wp\/v2\/posts\/169282\/revisions\/169284"}],"wp:featuredmedia":[{"embeddable":true,"href":"https:\/\/www.caririemacao.com\/1\/wp-json\/wp\/v2\/media\/169283"}],"wp:attachment":[{"href":"https:\/\/www.caririemacao.com\/1\/wp-json\/wp\/v2\/media?parent=169282"}],"wp:term":[{"taxonomy":"category","embeddable":true,"href":"https:\/\/www.caririemacao.com\/1\/wp-json\/wp\/v2\/categories?post=169282"},{"taxonomy":"post_tag","embeddable":true,"href":"https:\/\/www.caririemacao.com\/1\/wp-json\/wp\/v2\/tags?post=169282"}],"curies":[{"name":"wp","href":"https:\/\/api.w.org\/{rel}","templated":true}]}}