{"id":169286,"date":"2020-05-13T14:35:45","date_gmt":"2020-05-13T17:35:45","guid":{"rendered":"https:\/\/www.caririemacao.com\/1\/?p=169286"},"modified":"2020-05-13T14:35:45","modified_gmt":"2020-05-13T17:35:45","slug":"bolsonaro-diz-que-general-ramos-se-equivocou-sobre-mencao-a-pf-e-anuncia-fim-das-reunioes-ministeriais","status":"publish","type":"post","link":"https:\/\/www.caririemacao.com\/1\/2020\/05\/13\/bolsonaro-diz-que-general-ramos-se-equivocou-sobre-mencao-a-pf-e-anuncia-fim-das-reunioes-ministeriais\/","title":{"rendered":"Bolsonaro diz que general Ramos se equivocou sobre men\u00e7\u00e3o \u00e0 PF e anuncia fim das reuni\u00f5es ministeriais"},"content":{"rendered":"\n<h1 class=\"wp-block-heading\"><\/h1>\n\n\n\n<p>Segundo Ramos e o general Augusto Heleno, ministro do GSI (Gabinete de Seguran\u00e7a Institucional), que prestaram depoimento nesta ter\u00e7a-feira (12), Bolsonaro mencionou o nome da PF ao cobrar relat\u00f3rios de intelig\u00eancia.<\/p>\n\n\n\n<p>Nesta ter\u00e7a, Bolsonaro declarou em entrevista: &#8220;N\u00e3o existe no v\u00eddeo a palavra Pol\u00edcia Federal, nem superintend\u00eancia. N\u00e3o existem essas palavras&#8221;.<\/p>\n\n\n\n<p>De acordo com Ramos, na reuni\u00e3o de 22 de abril, Bolsonaro &#8220;se manifestou de forma contundente sobre a qualidade dos relat\u00f3rios de intelig\u00eancia produzidos pela Abin [Ag\u00eancia Brasileira de Intelig\u00eancia], For\u00e7as Armadas, Pol\u00edcia Federal, entre outros&#8221;.<\/p>\n\n\n\n<p>Segundo ele, Bolsonaro ainda &#8220;acrescentou que, para melhorar a qualidade dos relat\u00f3rios, na condi\u00e7\u00e3o de presidente da Rep\u00fablica, iria interferir em todos os minist\u00e9rios para obter melhores resultados de cada ministro&#8221;.<\/p>\n\n\n\n<p>&#8220;Voc\u00eas precisam estar comigo&#8221;, disse Bolsonaro, de acordo com o depoimento do ministro Ramos, a que a Folha teve acesso. Assim como na ter\u00e7a, nesta quarta-feira o presidente voltou a negar qualquer men\u00e7\u00e3o \u00e0 Pol\u00edcia Federal.<\/p>\n\n\n\n<p>&#8220;O Ramos se equivocou. Mas como \u00e9 reuni\u00e3o, eu tenho o v\u00eddeo. O Ramos, se ele falou isso, se equivocou&#8221;, afirmou.<\/p>\n\n\n\n<p>Diante dos desdobramentos da reuni\u00e3o de 22 de abril, Bolsonaro j\u00e1 n\u00e3o permitiu a grava\u00e7\u00e3o da reuni\u00e3o desta ter\u00e7a-feira e anunciou que n\u00e3o realizaria mais reuni\u00f5es do conselho do governo, colegiado que re\u00fane todos os ministros.<\/p>\n\n\n\n<p>Segundo Bolsonaro, as reuni\u00f5es agora ser\u00e3o individuais. Uma vez por m\u00eas, ap\u00f3s a cerim\u00f4nia de hasteamento da Bandeira Nacional em frente ao Pal\u00e1cio do Alvorada, ele afirmou que tomar\u00e1 um caf\u00e9 da manh\u00e3 com sua equipe, o que chamou de &#8220;uma confraterniza\u00e7\u00e3o mensal de ministros&#8221;.<\/p>\n\n\n\n<p>Bolsonaro tamb\u00e9m afirmou que, por ele, o v\u00eddeo da reuni\u00e3o do dia 22 pode ser divulgado, mas apenas o trecho que \u00e9 alvo do processo.<\/p>\n\n\n\n<p>&#8220;Vou levar, aproveitando a tua sugest\u00e3o a\u00ed, ao AGU [advogado-geral da Uni\u00e3o], o ministro [Jos\u00e9] Levi, se a gente pode divulgar essa parte. Se eu n\u00e3o me engano, o Celso de Mello [ministro do STF] ontem oficiou a\u00ed o advogado do Moro, a AGU e a Justi\u00e7a exatamente para ver se a gente entra nessa linha para divulgar, mesmo com os palavr\u00f5es que eu falo sempre&#8221;, disse Bolsonaro.<\/p>\n\n\n\n<p>Segundo pessoas que tiveram acesso \u00e0 grava\u00e7\u00e3o do v\u00eddeo, Bolsonaro vinculou a mudan\u00e7a do superintendente da Pol\u00edcia Federal do Rio de Janeiro a uma prote\u00e7\u00e3o de sua fam\u00edlia, em reuni\u00e3o ministerial gravada pelo Planalto no dia 22 de abril.<\/p>\n\n\n\n<p>De acordo com esses relatos, Bolsonaro usou, na reuni\u00e3o, o verbo &#8220;foder&#8221; ao falar do impacto de uma poss\u00edvel persegui\u00e7\u00e3o a seus familiares.<\/p>\n\n\n\n<p>Ele ent\u00e3o disse que, antes disso, trocaria todos da &#8220;seguran\u00e7a&#8221; do Rio, o chefe da \u00e1rea e at\u00e9 o ministro &#8211; na \u00e9poca, o da Justi\u00e7a era Sergio Moro, que deixou o governo dois dias depois daquela reuni\u00e3o ministerial. Na interpreta\u00e7\u00e3o de quem assistiu ao v\u00eddeo, as palavras foram um recado a Moro.<\/p>\n\n\n\n<p>O presidente, segundo pessoas que tiveram acesso \u00e0 grava\u00e7\u00e3o, disse que n\u00e3o poderia ser &#8220;surpreendido&#8221; porque, de acordo com ele, a PF n\u00e3o repassava informa\u00e7\u00f5es.<\/p>\n\n\n\n<p>O v\u00eddeo da reuni\u00e3o foi exibido nesta ter\u00e7a-feira (12) na PF em Bras\u00edlia. Moro acompanhou presencialmente a exibi\u00e7\u00e3o ao lado de integrantes da PGR (Procuradoria-Geral da Rep\u00fablica), advogados do ex-ministro e integrantes do governo federal e da PF.<\/p>\n\n\n\n<p>A grava\u00e7\u00e3o, ainda sob sigilo, \u00e9 parte do inqu\u00e9rito que tramita no STF (Supremo Tribunal Federal) sobre as acusa\u00e7\u00f5es de interfer\u00eancia na Pol\u00edcia Federal que Moro fez a Bolsonaro.<\/p>\n\n\n\n<p>O v\u00eddeo da reuni\u00e3o foi exibido nesta ter\u00e7a-feira na Pol\u00edcia Federal em Bras\u00edlia. Sergio Moro acompanhou presencialmente ao lado de integrantes da PGR (Procuradoria-Geral da Rep\u00fablica), advogados do ex-ministro e integrantes do governo federal, al\u00e9m de policiais federais.<\/p>\n\n\n\n<p>O v\u00eddeo do encontro, ainda sob sigilo, faz parte do inqu\u00e9rito que tramita no STF (Supremo Tribunal Federal) sobre as acusa\u00e7\u00f5es que Moro fez a Bolsonaro de interfer\u00eancia na Pol\u00edcia Federal. O ex-juiz da Lava Jato deixou o Minist\u00e9rio da Justi\u00e7a no dia 24 de abril acusando o presidente.<\/p>\n\n\n\n<p>Ap\u00f3s apura\u00e7\u00e3o da PF, a PGR avalia se haver\u00e1 acusa\u00e7\u00e3o contra Bolsonaro. Caso isso ocorra, esse pedido vai para a C\u00e2mara, que precisa autorizar sua continuidade, com voto de dois ter\u00e7os.<\/p>\n\n\n\n<p>Em caso de autoriza\u00e7\u00e3o, a den\u00fancia vai ao STF -que, se aceitar a abertura de a\u00e7\u00e3o penal, leva ao afastamento autom\u00e1tico do presidente por 180 dias, at\u00e9 uma solu\u00e7\u00e3o sobre a condena\u00e7\u00e3o ou n\u00e3o do investigado.<\/p>\n","protected":false},"excerpt":{"rendered":"<p>Segundo Ramos e o general Augusto Heleno, ministro do GSI (Gabinete de Seguran\u00e7a Institucional), que prestaram depoimento nesta ter\u00e7a-feira (12), Bolsonaro mencionou o nome da&hellip; <\/p>\n","protected":false},"author":2,"featured_media":169287,"comment_status":"closed","ping_status":"closed","sticky":false,"template":"","format":"standard","meta":{"sfsi_plus_gutenberg_text_before_share":"","sfsi_plus_gutenberg_show_text_before_share":"","sfsi_plus_gutenberg_icon_type":"","sfsi_plus_gutenberg_icon_alignemt":"","sfsi_plus_gutenburg_max_per_row":"","footnotes":""},"categories":[2],"tags":[],"class_list":["post-169286","post","type-post","status-publish","format-standard","has-post-thumbnail","hentry","category-geral"],"_links":{"self":[{"href":"https:\/\/www.caririemacao.com\/1\/wp-json\/wp\/v2\/posts\/169286","targetHints":{"allow":["GET"]}}],"collection":[{"href":"https:\/\/www.caririemacao.com\/1\/wp-json\/wp\/v2\/posts"}],"about":[{"href":"https:\/\/www.caririemacao.com\/1\/wp-json\/wp\/v2\/types\/post"}],"author":[{"embeddable":true,"href":"https:\/\/www.caririemacao.com\/1\/wp-json\/wp\/v2\/users\/2"}],"replies":[{"embeddable":true,"href":"https:\/\/www.caririemacao.com\/1\/wp-json\/wp\/v2\/comments?post=169286"}],"version-history":[{"count":1,"href":"https:\/\/www.caririemacao.com\/1\/wp-json\/wp\/v2\/posts\/169286\/revisions"}],"predecessor-version":[{"id":169288,"href":"https:\/\/www.caririemacao.com\/1\/wp-json\/wp\/v2\/posts\/169286\/revisions\/169288"}],"wp:featuredmedia":[{"embeddable":true,"href":"https:\/\/www.caririemacao.com\/1\/wp-json\/wp\/v2\/media\/169287"}],"wp:attachment":[{"href":"https:\/\/www.caririemacao.com\/1\/wp-json\/wp\/v2\/media?parent=169286"}],"wp:term":[{"taxonomy":"category","embeddable":true,"href":"https:\/\/www.caririemacao.com\/1\/wp-json\/wp\/v2\/categories?post=169286"},{"taxonomy":"post_tag","embeddable":true,"href":"https:\/\/www.caririemacao.com\/1\/wp-json\/wp\/v2\/tags?post=169286"}],"curies":[{"name":"wp","href":"https:\/\/api.w.org\/{rel}","templated":true}]}}