{"id":16929,"date":"2017-03-31T17:54:33","date_gmt":"2017-03-31T20:54:33","guid":{"rendered":"http:\/\/caririemacao.com\/1\/?p=16929"},"modified":"2017-03-31T17:54:33","modified_gmt":"2017-03-31T20:54:33","slug":"desemprego-atinge-numero-recorde-de-135-milhoes-de-pessoas","status":"publish","type":"post","link":"https:\/\/www.caririemacao.com\/1\/2017\/03\/31\/desemprego-atinge-numero-recorde-de-135-milhoes-de-pessoas\/","title":{"rendered":"Desemprego atinge n\u00famero recorde de 13,5 milh\u00f5es de pessoas"},"content":{"rendered":"<div>A taxa de desemprego atingiu 13,2% no trimestre encerrado no m\u00eas de fevereiro, e atingiu um novo recorde. O n\u00famero representa 13,5 milh\u00f5es de pessoas que n\u00e3o conseguiram trabalho no per\u00edodo. Os dados foram divulgados pelo Instituto Brasileiro de Geografia e Estat\u00edstica (IBGE) nesta sexta-feira. \u00a0O total de desempregados \u00e9 1,4 milh\u00e3o maior que o registrado no trimestre anterior e 3,2 milh\u00f5es superior ao mesmo trimestre de 2016.<\/div>\n<div><\/div>\n<div>No trimestre anterior, a taxa estava de desocupa\u00e7\u00e3o estava em 11,9%. \u00c9 o maior valor desde o in\u00edcio da s\u00e9rie hist\u00f3rica deste indicador, inciada em 2012.<\/div>\n<div><\/div>\n<div>O IBGE registrou queda na ocupa\u00e7\u00e3o dos segmentos de administra\u00e7\u00e3o p\u00fablica, defesa, seguridade social, educa\u00e7\u00e3o, sa\u00fade humana e servi\u00e7os sociais (redu\u00e7\u00e3o de 702.000 pessoas) e na ind\u00fastria geral (menos 225.000 pessoas). Houve altas nos setores de alojamento e alimenta\u00e7\u00e3o (169 .000) e informa\u00e7\u00e3o, comunica\u00e7\u00e3o e atividades financeiras, imobili\u00e1rias, profissionais e administrativas (215.000 pessoas). Os demais grupamentos se mantiveram est\u00e1veis.<\/div>\n<div><\/div>\n<div>Ainda sobre setores, a agricultura e a constru\u00e7\u00e3o registraram os menores contingentes de trabalhadores desde 2012 \u2013 de 8,8 milh\u00f5es e 6,9 milh\u00f5es, respectivamente. Em sentido inverso, o setor de alojamento e alimenta\u00e7\u00e3o tiveram o maior n\u00famero de ocupados da s\u00e9rie, com 5 milh\u00f5es de trabalhadores.<\/div>\n<div><\/div>\n<div>Em rela\u00e7\u00e3o a rendimento, o IBGE indica que o \u00fanico setor em que houve aumento no trimestre foi o de empregados no setor p\u00fablico, com alta de 3,2%. Na m\u00e9dia, o rendimento dos trabalhadores teve varia\u00e7\u00e3o considerada como est\u00e1vel, passando de 2.049 reais para 2.068 reais.<\/div>\n<div><\/div>\n<div><strong><span style=\"font-family: 'Georgia','serif'; color: #333333;\">CARIRI EM A\u00c7\u00c3O<\/span><\/strong><\/div>\n<div>\n<p style=\"background: white;\"><span style=\"font-family: 'Georgia','serif'; color: #333333;\">Com UOL\/Foto:Reprodu\u00e7\u00e3o Google\u00a0<\/span><\/p>\n<p style=\"background: white;\"><strong><span style=\"font-family: 'Georgia','serif'; color: #333333;\">Leia mais not\u00edcias em\u00a0<\/span><\/strong><a href=\"http:\/\/www.caririemacao.com\/\"><b><span style=\"font-family: 'Georgia','serif';\">caririemacao.com<\/span><\/b><\/a><strong><span style=\"font-family: 'Georgia','serif'; color: #333333;\">, siga nossa p\u00e1gina no<\/span><\/strong><a href=\"https:\/\/www.facebook.com\/CaririEmAcao\/\"><b><span style=\"font-family: 'Georgia','serif';\">\u00a0Facebook<\/span><\/b><\/a><strong><span style=\"font-family: 'Georgia','serif'; color: #333333;\">\u00a0e\u00a0<a href=\"https:\/\/www.instagram.com\/cariri_em_acao\/?hl=pt-br\">Instagram<\/a>\u00a0veja nossas mat\u00e9rias e fotos. Voc\u00ea tamb\u00e9m pode enviar informa\u00e7\u00f5es \u00e0 Reda\u00e7\u00e3o do Portal Cariri em A\u00e7\u00e3o pelo WhatsApp (83) 9 9634.5791, (83) 9 9601-1162 ou (83) 9 994189.<\/span><\/strong><\/p>\n<\/div>\n","protected":false},"excerpt":{"rendered":"<p>A taxa de desemprego atingiu 13,2% no trimestre encerrado no m\u00eas de fevereiro, e atingiu um novo recorde. O n\u00famero representa 13,5 milh\u00f5es de pessoas&hellip; <\/p>\n","protected":false},"author":2,"featured_media":14687,"comment_status":"closed","ping_status":"closed","sticky":false,"template":"","format":"standard","meta":{"sfsi_plus_gutenberg_text_before_share":"","sfsi_plus_gutenberg_show_text_before_share":"","sfsi_plus_gutenberg_icon_type":"","sfsi_plus_gutenberg_icon_alignemt":"","sfsi_plus_gutenburg_max_per_row":"","footnotes":""},"categories":[2],"tags":[],"class_list":["post-16929","post","type-post","status-publish","format-standard","has-post-thumbnail","hentry","category-geral"],"_links":{"self":[{"href":"https:\/\/www.caririemacao.com\/1\/wp-json\/wp\/v2\/posts\/16929","targetHints":{"allow":["GET"]}}],"collection":[{"href":"https:\/\/www.caririemacao.com\/1\/wp-json\/wp\/v2\/posts"}],"about":[{"href":"https:\/\/www.caririemacao.com\/1\/wp-json\/wp\/v2\/types\/post"}],"author":[{"embeddable":true,"href":"https:\/\/www.caririemacao.com\/1\/wp-json\/wp\/v2\/users\/2"}],"replies":[{"embeddable":true,"href":"https:\/\/www.caririemacao.com\/1\/wp-json\/wp\/v2\/comments?post=16929"}],"version-history":[{"count":0,"href":"https:\/\/www.caririemacao.com\/1\/wp-json\/wp\/v2\/posts\/16929\/revisions"}],"wp:featuredmedia":[{"embeddable":true,"href":"https:\/\/www.caririemacao.com\/1\/wp-json\/wp\/v2\/media\/14687"}],"wp:attachment":[{"href":"https:\/\/www.caririemacao.com\/1\/wp-json\/wp\/v2\/media?parent=16929"}],"wp:term":[{"taxonomy":"category","embeddable":true,"href":"https:\/\/www.caririemacao.com\/1\/wp-json\/wp\/v2\/categories?post=16929"},{"taxonomy":"post_tag","embeddable":true,"href":"https:\/\/www.caririemacao.com\/1\/wp-json\/wp\/v2\/tags?post=16929"}],"curies":[{"name":"wp","href":"https:\/\/api.w.org\/{rel}","templated":true}]}}