{"id":169291,"date":"2020-05-13T15:43:48","date_gmt":"2020-05-13T18:43:48","guid":{"rendered":"https:\/\/www.caririemacao.com\/1\/?p=169291"},"modified":"2020-05-13T15:43:48","modified_gmt":"2020-05-13T18:43:48","slug":"exames-de-bolsonaro-entregues-ao-stf-deram-negativo-para-o-coronavirus-atestam-laudos","status":"publish","type":"post","link":"https:\/\/www.caririemacao.com\/1\/2020\/05\/13\/exames-de-bolsonaro-entregues-ao-stf-deram-negativo-para-o-coronavirus-atestam-laudos\/","title":{"rendered":"Exames de Bolsonaro entregues ao STF deram negativo para o Coronav\u00edrus, atestam laudos"},"content":{"rendered":"\n<p>Laudos recebidos pelo Supremo Tribunal Federal (STF) e tornados p\u00fablicos nesta quarta-feira (13) atestam que o presidente Jair Bolsonaro teve resultado negativo nos exames para o novo coronav\u00edrus.<\/p>\n\n\n\n<p>A informa\u00e7\u00e3o foi confirmada ao&nbsp;<strong>G1&nbsp;<\/strong>por fontes ligadas ao gabinete do ministro Ricardo Lewandowski, relator do tema no STF. At\u00e9 a \u00faltima atualiza\u00e7\u00e3o, os laudos ainda n\u00e3o apareciam no sistema eletr\u00f4nico do tribunal.<\/p>\n\n\n\n<p>Os documentos s\u00f3 foram divulgados ap\u00f3s o jornal &#8220;O Estado de S. Paulo&#8221; entrar na Justi\u00e7a pedindo acesso. Os laudos foram registrados com nomes falsos, por quest\u00e3o de seguran\u00e7a. O CPF e a data de nascimento nos pap\u00e9is s\u00e3o, de fato, de Bolsonaro.<\/p>\n\n\n\n<p>Antes, o presidente j\u00e1 tinha\u00a0anunciado os resultados negativos\u00a0em redes sociais, mas se recusava a mostrar os laudos em si.<\/p>\n\n\n\n<figure class=\"wp-block-image\"><img decoding=\"async\" data-src=\"https:\/\/s03.video.glbimg.com\/x720\/8551290.jpg\" alt=\"Lewandowski manda divulgar resultado de exames de Bolsonaro para coronav\u00edrus\" title=\"Lewandowski manda divulgar resultado de exames de Bolsonaro para coronav\u00edrus\" src=\"data:image\/svg+xml;base64,PHN2ZyB3aWR0aD0iMSIgaGVpZ2h0PSIxIiB4bWxucz0iaHR0cDovL3d3dy53My5vcmcvMjAwMC9zdmciPjwvc3ZnPg==\" class=\"lazyload\" \/><\/figure>\n\n\n\n<p>Lewandowski manda divulgar resultado de exames de Bolsonaro para coronav\u00edrus<\/p>\n\n\n\n<p>O processo chegou ao Supremo Tribunal Federal e, na noite desta ter\u00e7a (13), a Advocacia-Geral da Uni\u00e3o (AGU) forneceu os laudos ao ministro relator, Ricardo Lewandowski. Os pap\u00e9is foram mantidos em envelope lacrado e, no in\u00edcio da tarde, Lewandowski determinou a inclus\u00e3o nos autos, sem sigilo.<\/p>\n\n\n\n<p>&#8220;Determino a juntada aos autos eletr\u00f4nicos de todos os laudos e documentos entregues pela Uni\u00e3o em meu gabinete, aos quais se dar\u00e1 ampla publicidade&#8221;, afirmou o ministro na decis\u00e3o.<\/p>\n\n\n\n<p>A a\u00e7\u00e3o movida pelo &#8220;Estad\u00e3o&#8221; foi marcada por idas e vindas. O jornal chegou a receber decis\u00f5es favor\u00e1veis, com a determina\u00e7\u00e3o de que o exame fosse entregue em 48 horas, mas o governo conseguiu reverter a ordem no Tribunal Regional Federal da 3\u00aa Regi\u00e3o (TRF-3).<\/p>\n\n\n\n<p>O jornal recorreu, ent\u00e3o, ao Supremo. Nesta ter\u00e7a, a AGU decidiu entregar os laudos antes mesmo de uma decis\u00e3o do ministro Lewandowski.<\/p>\n\n\n\n<p>O\u00a0primeiro exame\u00a0foi feito por Jair Bolsonaro logo ap\u00f3s o retorno de uma viagem oficial aos Estados Unidos, em mar\u00e7o. Naquele momento, uma TV americana chegou a afirmar que o presidente tinha sido contaminado, sem apresentar documentos.<\/p>\n\n\n\n<figure class=\"wp-block-image\"><img decoding=\"async\" data-src=\"https:\/\/s01.video.glbimg.com\/x720\/8398448.jpg\" alt=\"Bolsonaro diz em rede social que exame deu negativo para coronav\u00edrus\" title=\"Bolsonaro diz em rede social que exame deu negativo para coronav\u00edrus\" src=\"data:image\/svg+xml;base64,PHN2ZyB3aWR0aD0iMSIgaGVpZ2h0PSIxIiB4bWxucz0iaHR0cDovL3d3dy53My5vcmcvMjAwMC9zdmciPjwvc3ZnPg==\" class=\"lazyload\" \/><\/figure>\n\n\n\n<p>Bolsonaro diz em rede social que exame deu negativo para coronav\u00edrus<\/p>\n\n\n\n<p>Ao longo daquele m\u00eas, pelo menos\u00a023 pessoas que participaram da viagem oficial\u00a0testaram positivo para a Covid-19. O primeiro diagn\u00f3stico foi do secret\u00e1rio de Comunica\u00e7\u00e3o da Presid\u00eancia, F\u00e1bio Wajngarten, que j\u00e1 voltou ao Brasil isolado no avi\u00e3o e\u00a0fez o teste ap\u00f3s o desembarque.<\/p>\n\n\n\n<p>Dias depois, Bolsonaro repetiu o teste como parte do protocolo de seguran\u00e7a, para evitar um falso negativo motivado pela chamada &#8220;janela imunol\u00f3gica&#8221;. O presidente voltou a\u00a0anunciar resultado negativo, sem apresentar qualquer comprova\u00e7\u00e3o.<\/p>\n\n\n\n<p>O terceiro exame n\u00e3o foi divulgado pelo presidente em rede social, mas consta na lista de documentos entregues pela AGU.<\/p>\n\n\n\n<p>Os resultados de Jair Bolsonaro no teste de coronav\u00edrus geraram preocupa\u00e7\u00e3o porque, desde o in\u00edcio da pandemia, o presidente da Rep\u00fablica infringiu, diversas vezes, os protocolos de distanciamento social e isolamento recomendados pelas autoridades de sa\u00fade.<\/p>\n\n\n\n<p>Dias ap\u00f3s voltar dos Estados Unidos, e j\u00e1 com a informa\u00e7\u00e3o de que parte da comitiva estava contaminada, Bolsonaro rompeu o isolamento recomendado pelos m\u00e9dicos da Presid\u00eancia da Rep\u00fablica e participou de um protesto na Esplanada dos Minist\u00e9rios.<\/p>\n\n\n\n<p>No ato, o presidente cumprimentou, abra\u00e7os e tirou fotos com simpatizantes.<\/p>\n\n\n\n<p>Com G1<\/p>\n","protected":false},"excerpt":{"rendered":"<p>Laudos recebidos pelo Supremo Tribunal Federal (STF) e tornados p\u00fablicos nesta quarta-feira (13) atestam que o presidente Jair Bolsonaro teve resultado negativo nos exames para&hellip; <\/p>\n","protected":false},"author":1,"featured_media":168905,"comment_status":"closed","ping_status":"closed","sticky":false,"template":"","format":"standard","meta":{"sfsi_plus_gutenberg_text_before_share":"","sfsi_plus_gutenberg_show_text_before_share":"","sfsi_plus_gutenberg_icon_type":"","sfsi_plus_gutenberg_icon_alignemt":"","sfsi_plus_gutenburg_max_per_row":"","footnotes":""},"categories":[2],"tags":[],"class_list":["post-169291","post","type-post","status-publish","format-standard","has-post-thumbnail","hentry","category-geral"],"_links":{"self":[{"href":"https:\/\/www.caririemacao.com\/1\/wp-json\/wp\/v2\/posts\/169291","targetHints":{"allow":["GET"]}}],"collection":[{"href":"https:\/\/www.caririemacao.com\/1\/wp-json\/wp\/v2\/posts"}],"about":[{"href":"https:\/\/www.caririemacao.com\/1\/wp-json\/wp\/v2\/types\/post"}],"author":[{"embeddable":true,"href":"https:\/\/www.caririemacao.com\/1\/wp-json\/wp\/v2\/users\/1"}],"replies":[{"embeddable":true,"href":"https:\/\/www.caririemacao.com\/1\/wp-json\/wp\/v2\/comments?post=169291"}],"version-history":[{"count":1,"href":"https:\/\/www.caririemacao.com\/1\/wp-json\/wp\/v2\/posts\/169291\/revisions"}],"predecessor-version":[{"id":169292,"href":"https:\/\/www.caririemacao.com\/1\/wp-json\/wp\/v2\/posts\/169291\/revisions\/169292"}],"wp:featuredmedia":[{"embeddable":true,"href":"https:\/\/www.caririemacao.com\/1\/wp-json\/wp\/v2\/media\/168905"}],"wp:attachment":[{"href":"https:\/\/www.caririemacao.com\/1\/wp-json\/wp\/v2\/media?parent=169291"}],"wp:term":[{"taxonomy":"category","embeddable":true,"href":"https:\/\/www.caririemacao.com\/1\/wp-json\/wp\/v2\/categories?post=169291"},{"taxonomy":"post_tag","embeddable":true,"href":"https:\/\/www.caririemacao.com\/1\/wp-json\/wp\/v2\/tags?post=169291"}],"curies":[{"name":"wp","href":"https:\/\/api.w.org\/{rel}","templated":true}]}}