{"id":169295,"date":"2020-05-13T16:31:16","date_gmt":"2020-05-13T19:31:16","guid":{"rendered":"https:\/\/www.caririemacao.com\/1\/?p=169295"},"modified":"2020-05-13T16:31:16","modified_gmt":"2020-05-13T19:31:16","slug":"estado-de-sao-paulo-ultrapassa-marca-de-4-mil-mortos-por-coronavirus","status":"publish","type":"post","link":"https:\/\/www.caririemacao.com\/1\/2020\/05\/13\/estado-de-sao-paulo-ultrapassa-marca-de-4-mil-mortos-por-coronavirus\/","title":{"rendered":"Estado de S\u00e3o Paulo ultrapassa  marca de 4 mil mortos por Coronav\u00edrus"},"content":{"rendered":"\n<p>O estado de S\u00e3o Paulo registrou mais de 4 mil mortes por coronav\u00edrus nesta quarta-feira, segundo dados divulgados pelo governo em coletiva de imprensa no in\u00edcio da tarde.<\/p>\n\n\n\n<p>De acordo com o secret\u00e1rio estadual de Sa\u00fade, Jos\u00e9 Henrique Germann, o n\u00famero de mortes pelo novo coronav\u00edrus no estado de S\u00e3o Paulo subiu para 4.118. Foram 169 novas mortes registradas nas \u00faltimas 24 horas. No total, j\u00e1 s\u00e3o 51.097 casos confirmados da doen\u00e7a.<\/p>\n\n\n\n<p>H\u00e1 9,6 mil pacientes internados com sintomas da doen\u00e7a no estado de S\u00e3o Paulo, sendo 3.702 em UTI e 5.950 em enfermaria.<\/p>\n\n\n\n<p>A taxa de ocupa\u00e7\u00e3o dos leitos de UTI reservados para atendimento \u00e0 Covid-19 \u00e9 de 68,3% no estado e de 87,2% na Grande S\u00e3o Paulo.<\/p>\n\n\n\n<p><strong>Dados do estado:<\/strong><\/p>\n\n\n\n<ul class=\"wp-block-list\"><li>Total de 51.097 casos (3378 registrados nas \u00faltimas 24 horas)<\/li><li>4.118 mortes (169 registradas nas \u00faltimas 24 horas)<\/li><\/ul>\n\n\n\n<p><strong>Internados (suspeitos + confirmados)<\/strong><\/p>\n\n\n\n<ul class=\"wp-block-list\"><li>3.702 em UTI<\/li><li>5.950 em enfermarias<\/li><\/ul>\n\n\n\n<p><strong>Taxa de ocupa\u00e7\u00e3o dos leitos<\/strong><\/p>\n\n\n\n<ul class=\"wp-block-list\"><li>68,3% UTI estado<\/li><li>87,2% UTI na Grande SP<\/li><li>125 pacientes internados no Hospital de Campanha do Ibirapuera<\/li><\/ul>\n\n\n\n<p>A taxa de letalidade no estado pela doen\u00e7a chega a 8,3%, superior \u00e0 marca do Brasil, que \u00e9 de 6,8%.<\/p>\n\n\n\n<p>Por conta do avan\u00e7o da doen\u00e7a n estado, o governador de S\u00e3o Paulo, Jo\u00e3o Doria (PSDB),\u00a0se posicionou contra a inclus\u00e3o das atividades de sal\u00f5es de beleza, barbearias e academias\u00a0de esportes na lista de &#8220;servi\u00e7os essenciais&#8221;, conforme decreto editado pelo presidente Jair Bolsonaro.<\/p>\n\n\n\n<p>Em m\u00e9dia, o coronav\u00edrus representa uma m\u00e9dia de 69 mortes por dia. O \u00edndice vem subindo e j\u00e1 \u00e9 mais do que o dobro do mesmo levantamento feito h\u00e1 20 dias.<\/p>\n\n\n\n<p>Comparando com a m\u00e9dia de mortes por dia de todas as outras doen\u00e7as e causas externas, a Covid agora \u00e9 a segunda causa que mais mata no Estado de S\u00e3o Paulo, perdendo apenas para as doen\u00e7as isqu\u00eamicas do cora\u00e7\u00e3o, como o infarto agudo do mioc\u00e1rdio.<\/p>\n\n\n\n<p>Em n\u00fameros absolutos, o n\u00famero de mortos por Covid-19 em menos de dois meses (3.764) j\u00e1 \u00e9 maior do que todas as mortes provocadas por agress\u00f5es no ano passado inteiro (3.189). E em breve deve chegar ao total de mortos por acidentes de transporte (4.772).<\/p>\n\n\n\n<p>Com G1<\/p>\n","protected":false},"excerpt":{"rendered":"<p>O estado de S\u00e3o Paulo registrou mais de 4 mil mortes por coronav\u00edrus nesta quarta-feira, segundo dados divulgados pelo governo em coletiva de imprensa no&hellip; <\/p>\n","protected":false},"author":1,"featured_media":169296,"comment_status":"closed","ping_status":"closed","sticky":false,"template":"","format":"standard","meta":{"sfsi_plus_gutenberg_text_before_share":"","sfsi_plus_gutenberg_show_text_before_share":"","sfsi_plus_gutenberg_icon_type":"","sfsi_plus_gutenberg_icon_alignemt":"","sfsi_plus_gutenburg_max_per_row":"","footnotes":""},"categories":[50],"tags":[],"class_list":["post-169295","post","type-post","status-publish","format-standard","has-post-thumbnail","hentry","category-destaque"],"_links":{"self":[{"href":"https:\/\/www.caririemacao.com\/1\/wp-json\/wp\/v2\/posts\/169295","targetHints":{"allow":["GET"]}}],"collection":[{"href":"https:\/\/www.caririemacao.com\/1\/wp-json\/wp\/v2\/posts"}],"about":[{"href":"https:\/\/www.caririemacao.com\/1\/wp-json\/wp\/v2\/types\/post"}],"author":[{"embeddable":true,"href":"https:\/\/www.caririemacao.com\/1\/wp-json\/wp\/v2\/users\/1"}],"replies":[{"embeddable":true,"href":"https:\/\/www.caririemacao.com\/1\/wp-json\/wp\/v2\/comments?post=169295"}],"version-history":[{"count":1,"href":"https:\/\/www.caririemacao.com\/1\/wp-json\/wp\/v2\/posts\/169295\/revisions"}],"predecessor-version":[{"id":169297,"href":"https:\/\/www.caririemacao.com\/1\/wp-json\/wp\/v2\/posts\/169295\/revisions\/169297"}],"wp:featuredmedia":[{"embeddable":true,"href":"https:\/\/www.caririemacao.com\/1\/wp-json\/wp\/v2\/media\/169296"}],"wp:attachment":[{"href":"https:\/\/www.caririemacao.com\/1\/wp-json\/wp\/v2\/media?parent=169295"}],"wp:term":[{"taxonomy":"category","embeddable":true,"href":"https:\/\/www.caririemacao.com\/1\/wp-json\/wp\/v2\/categories?post=169295"},{"taxonomy":"post_tag","embeddable":true,"href":"https:\/\/www.caririemacao.com\/1\/wp-json\/wp\/v2\/tags?post=169295"}],"curies":[{"name":"wp","href":"https:\/\/api.w.org\/{rel}","templated":true}]}}