{"id":169300,"date":"2020-05-13T16:46:04","date_gmt":"2020-05-13T19:46:04","guid":{"rendered":"https:\/\/www.caririemacao.com\/1\/?p=169300"},"modified":"2020-05-13T16:53:39","modified_gmt":"2020-05-13T19:53:39","slug":"monteiro-prefeitura-recupera-estradas-da-zona-rural-da-malhadinha-pau-ferro-sitio-amaro-e-sitio-tingui","status":"publish","type":"post","link":"https:\/\/www.caririemacao.com\/1\/2020\/05\/13\/monteiro-prefeitura-recupera-estradas-da-zona-rural-da-malhadinha-pau-ferro-sitio-amaro-e-sitio-tingui\/","title":{"rendered":"Monteiro: Prefeitura recupera estradas da zona rural da Malhadinha, Pau Ferro, S\u00edtio Amaro e S\u00edtio Tingui"},"content":{"rendered":"\n<p>A prefeitura de Monteiro, atrav\u00e9s da Secretaria de Agricultura Meio Ambiente e Desenvolvimento Sustent\u00e1vel, est\u00e1 finalizando os servi\u00e7os de recupera\u00e7\u00e3o das estradas vicinais do munic\u00edpio, que possui uma das maiores malhas vi\u00e1rias de estradas rurais do estado.<\/p>\n\n\n\n<p>Nesta ter\u00e7a-feira (12), as m\u00e1quinas de patrolamento finalizaram a recupera\u00e7\u00e3o e manuten\u00e7\u00e3o das estradas das comunidades dos s\u00edtios Malhadinha, Pau Ferro no sentido a Santana, S\u00edtio Amaro e Sitio Tingui.<\/p>\n\n\n\n<p>Nesta quarta-feira (13), ser\u00e3o realizadas quatro frentes de trabalho pela equipe da Secretaria Municipal de Agricultura. Segundo cronograma divulgado, a 1\u00aa equipe deu in\u00edcio nos servi\u00e7os no S\u00edtio Caracol e Olho D\u2019\u00e1gua do Silva; 2\u00aa equipe &nbsp;na estrada &nbsp;do Amaro e Rancho dos Negros; 3\u00aa equipe S\u00edtio Laranjeira; e 4\u00aa equipe no S\u00edtio &nbsp;Lagoa de Santa Catarina.<\/p>\n\n\n\n<p>Anna Lorena, disse que a manuten\u00e7\u00e3o das estradas da zona rural, tem uma import\u00e2ncia fundamental pro pequeno produtor rural, que pode escoar sua produ\u00e7\u00e3o de hortali\u00e7as, caprinos, ovinos e leite com maior facilidade, al\u00e9m de garantir a seguran\u00e7a de uma popula\u00e7\u00e3o que, em quase 90% dos casos, tem a motocicleta como \u00fanico meio de transporte pessoal e familiar.<\/p>\n","protected":false},"excerpt":{"rendered":"<p>A prefeitura de Monteiro, atrav\u00e9s da Secretaria de Agricultura Meio Ambiente e Desenvolvimento Sustent\u00e1vel, est\u00e1 finalizando os servi\u00e7os de recupera\u00e7\u00e3o das estradas vicinais do munic\u00edpio,&hellip; <\/p>\n","protected":false},"author":1,"featured_media":169301,"comment_status":"closed","ping_status":"closed","sticky":false,"template":"","format":"standard","meta":{"sfsi_plus_gutenberg_text_before_share":"","sfsi_plus_gutenberg_show_text_before_share":"","sfsi_plus_gutenberg_icon_type":"","sfsi_plus_gutenberg_icon_alignemt":"","sfsi_plus_gutenburg_max_per_row":"","footnotes":""},"categories":[6,50],"tags":[],"class_list":["post-169300","post","type-post","status-publish","format-standard","has-post-thumbnail","hentry","category-cidades","category-destaque"],"_links":{"self":[{"href":"https:\/\/www.caririemacao.com\/1\/wp-json\/wp\/v2\/posts\/169300","targetHints":{"allow":["GET"]}}],"collection":[{"href":"https:\/\/www.caririemacao.com\/1\/wp-json\/wp\/v2\/posts"}],"about":[{"href":"https:\/\/www.caririemacao.com\/1\/wp-json\/wp\/v2\/types\/post"}],"author":[{"embeddable":true,"href":"https:\/\/www.caririemacao.com\/1\/wp-json\/wp\/v2\/users\/1"}],"replies":[{"embeddable":true,"href":"https:\/\/www.caririemacao.com\/1\/wp-json\/wp\/v2\/comments?post=169300"}],"version-history":[{"count":2,"href":"https:\/\/www.caririemacao.com\/1\/wp-json\/wp\/v2\/posts\/169300\/revisions"}],"predecessor-version":[{"id":169307,"href":"https:\/\/www.caririemacao.com\/1\/wp-json\/wp\/v2\/posts\/169300\/revisions\/169307"}],"wp:featuredmedia":[{"embeddable":true,"href":"https:\/\/www.caririemacao.com\/1\/wp-json\/wp\/v2\/media\/169301"}],"wp:attachment":[{"href":"https:\/\/www.caririemacao.com\/1\/wp-json\/wp\/v2\/media?parent=169300"}],"wp:term":[{"taxonomy":"category","embeddable":true,"href":"https:\/\/www.caririemacao.com\/1\/wp-json\/wp\/v2\/categories?post=169300"},{"taxonomy":"post_tag","embeddable":true,"href":"https:\/\/www.caririemacao.com\/1\/wp-json\/wp\/v2\/tags?post=169300"}],"curies":[{"name":"wp","href":"https:\/\/api.w.org\/{rel}","templated":true}]}}