{"id":169303,"date":"2020-05-13T16:49:31","date_gmt":"2020-05-13T19:49:31","guid":{"rendered":"https:\/\/www.caririemacao.com\/1\/?p=169303"},"modified":"2020-05-13T16:49:31","modified_gmt":"2020-05-13T19:49:31","slug":"prefeita-de-monteiro-se-solidariza-com-caminhoneiros-e-disponibiliza-estrutura-para-atendimento-exclusivo-contra-o-covid-19","status":"publish","type":"post","link":"https:\/\/www.caririemacao.com\/1\/2020\/05\/13\/prefeita-de-monteiro-se-solidariza-com-caminhoneiros-e-disponibiliza-estrutura-para-atendimento-exclusivo-contra-o-covid-19\/","title":{"rendered":"Prefeita de Monteiro se solidariza com caminhoneiros e disponibiliza estrutura para atendimento exclusivo contra o Covid-19"},"content":{"rendered":"\n<p>A prefeita de Monteiro Anna Lorena, preocupada com os caminhoneiros do munic\u00edpio que precisam viajar diariamente e retornar a cidade, correndo o risco de uma contamina\u00e7\u00e3o pelo Covid-19, emitiu na ter\u00e7a-feira(12) uma nota, em \u00e1udio, se solidarizando com a classe e disponibilizando total apoio a todos que chegarem ao nosso munic\u00edpio.<\/p>\n\n\n\n<p>Na nota a prefeita Anna Lorena destaca o apoio atrav\u00e9s da Secretaria de Sa\u00fade, onde uma equipe de monitoramento estar\u00e1 dando todo apoio e orientando aos caminhoneiros e motoristas que chegam na cidade de Monteiro.<\/p>\n\n\n\n<p>Tamb\u00e9m esta sendo montado um centro de triagem onde ser\u00e1 priorizado o teste r\u00e1pido para os motoristas e caminhoneiros, como tamb\u00e9m &nbsp;um ponto de apoio para se caso o caminhoneiro ou motorista n\u00e3o queria ir direto a sua casa, ele poder\u00e1 ficar nesse ponto de apoio, tendo o devido atendimento e acompanhamento das equipes de sa\u00fade.<\/p>\n\n\n\n<p>O centro de triagem foi criado especificamente pela Prefeitura, e conta com leitos especiais, ar condicionado e equipamentos para atender da melhor forma estes profissionais do volante. Uma equipe da Secretaria de Sa\u00fade tamb\u00e9m est\u00e3o em contato por telefone diariamente e acompanhando cada um no seu dia a dia. &nbsp;<\/p>\n\n\n\n<p>A Secretaria de Sa\u00fade refor\u00e7a a import\u00e2ncia do Isolamento Social, manter o distanciamento, al\u00e9m de medidas gerais de preven\u00e7\u00e3o, como tamb\u00e9m uso obrigat\u00f3rio de m\u00e1scaras de acordo com Decreto Estadual n\u00ba 40.217.<\/p>\n\n\n\n<p>Confira a nota na Integra:<\/p>\n\n\n\n<p><em>Ol\u00e1 meu amigos caminhoneiros, quem est\u00e1 falando aqui \u00e9 a Lorena, eu venho aqui me solidarizar com todos voc\u00eas que est\u00e3o a\u00ed nas estradas, enfrentando essa pandemia que assola nosso pa\u00eds e dizer, que aqui na nossa cidade Monteiro, n\u00f3s j\u00e1 temos tr\u00eas casos de caminhoneiros testados positivo, para o Covid-19, o que nos preocupa muito com o apoio e a sa\u00fade de cada um de voc\u00eas.<\/em><\/p>\n\n\n\n<p><em>Ent\u00e3o, pensando nisso eu quero deixar aqui o nosso apoio atrav\u00e9s da Secretaria de Sa\u00fade, onde temos uma equipe de monitoramento, para est\u00e1 dando todo apoio e orienta\u00e7\u00e3o aos nossos caminhoneiros e motoristas que chegam aqui na nossa cidade.<\/em><br><em>Estamos montando e priorizando no centro de testagem o teste r\u00e1pido para os nossos motoristas e caminhoneiros tamb\u00e9m, e tamb\u00e9m temos um ponto de apoio para caso, voc\u00ea caminhoneiro, motorista que n\u00e3o queria ir direto a sua casa, pode ficar nesse ponto de apoio e a nossa equipe tamb\u00e9m vai dar toda informa\u00e7\u00e3o, orienta\u00e7\u00e3o, vendo se voc\u00ea tem algum sintoma e providenciando o que necess\u00e1rio for na parte da Sa\u00fade.<\/em><\/p>\n\n\n\n<p><em>Ent\u00e3o contem conosco, n\u00f3s estamos aqui para acolhe-los, da melhor forma poss\u00edvel. &nbsp;<\/em><br><em>Se cuidem, e se Deus quiser iremos passar por isso. Forte abra\u00e7o a todos.<\/em><\/p>\n","protected":false},"excerpt":{"rendered":"<p>A prefeita de Monteiro Anna Lorena, preocupada com os caminhoneiros do munic\u00edpio que precisam viajar diariamente e retornar a cidade, correndo o risco de uma&hellip; <\/p>\n","protected":false},"author":1,"featured_media":169304,"comment_status":"closed","ping_status":"closed","sticky":false,"template":"","format":"standard","meta":{"sfsi_plus_gutenberg_text_before_share":"","sfsi_plus_gutenberg_show_text_before_share":"","sfsi_plus_gutenberg_icon_type":"","sfsi_plus_gutenberg_icon_alignemt":"","sfsi_plus_gutenburg_max_per_row":"","footnotes":""},"categories":[6,50],"tags":[],"class_list":["post-169303","post","type-post","status-publish","format-standard","has-post-thumbnail","hentry","category-cidades","category-destaque"],"_links":{"self":[{"href":"https:\/\/www.caririemacao.com\/1\/wp-json\/wp\/v2\/posts\/169303","targetHints":{"allow":["GET"]}}],"collection":[{"href":"https:\/\/www.caririemacao.com\/1\/wp-json\/wp\/v2\/posts"}],"about":[{"href":"https:\/\/www.caririemacao.com\/1\/wp-json\/wp\/v2\/types\/post"}],"author":[{"embeddable":true,"href":"https:\/\/www.caririemacao.com\/1\/wp-json\/wp\/v2\/users\/1"}],"replies":[{"embeddable":true,"href":"https:\/\/www.caririemacao.com\/1\/wp-json\/wp\/v2\/comments?post=169303"}],"version-history":[{"count":1,"href":"https:\/\/www.caririemacao.com\/1\/wp-json\/wp\/v2\/posts\/169303\/revisions"}],"predecessor-version":[{"id":169305,"href":"https:\/\/www.caririemacao.com\/1\/wp-json\/wp\/v2\/posts\/169303\/revisions\/169305"}],"wp:featuredmedia":[{"embeddable":true,"href":"https:\/\/www.caririemacao.com\/1\/wp-json\/wp\/v2\/media\/169304"}],"wp:attachment":[{"href":"https:\/\/www.caririemacao.com\/1\/wp-json\/wp\/v2\/media?parent=169303"}],"wp:term":[{"taxonomy":"category","embeddable":true,"href":"https:\/\/www.caririemacao.com\/1\/wp-json\/wp\/v2\/categories?post=169303"},{"taxonomy":"post_tag","embeddable":true,"href":"https:\/\/www.caririemacao.com\/1\/wp-json\/wp\/v2\/tags?post=169303"}],"curies":[{"name":"wp","href":"https:\/\/api.w.org\/{rel}","templated":true}]}}