{"id":16931,"date":"2017-03-31T10:12:05","date_gmt":"2017-03-31T13:12:05","guid":{"rendered":"http:\/\/caririemacao.com\/1\/?p=16931"},"modified":"2017-03-31T17:59:02","modified_gmt":"2017-03-31T20:59:02","slug":"obra-inacabada-ameaca-chegada-das-aguas-da-transposicao-ao-acude-de-boqueirao","status":"publish","type":"post","link":"https:\/\/www.caririemacao.com\/1\/2017\/03\/31\/obra-inacabada-ameaca-chegada-das-aguas-da-transposicao-ao-acude-de-boqueirao\/","title":{"rendered":"Obra inacabada amea\u00e7a chegada das \u00e1guas da Transposi\u00e7\u00e3o ao a\u00e7ude de Boqueir\u00e3o"},"content":{"rendered":"<div>O Minist\u00e9rio P\u00fablico Federal (MPF) emitiu nota, nesta sexta-feira (31), sobre a Transposi\u00e7\u00e3o na Para\u00edba e fez v\u00e1rios alertas a popula\u00e7\u00e3o sobre a \u00e1gua do Rio S\u00e3o Francisco que chega ao Estado. No comunicado, o \u00f3rg\u00e3o destaca que a falta de revitaliza\u00e7\u00e3o do rio Para\u00edba prejudica a sustentabilidade da condu\u00e7\u00e3o da \u00e1gua at\u00e9 o a\u00e7ude de Boqueir\u00e3o, que abastece Campina Grande e regi\u00e3o.<\/div>\n<div><\/div>\n<div>\u201cO assoreamento do rio Para\u00edba e outros fatores como evapora\u00e7\u00e3o, infiltra\u00e7\u00e3o e capta\u00e7\u00e3o irregular contribuem para dificultar ainda mais a chegada da \u00e1gua no a\u00e7ude de Boqueir\u00e3o\u201d, diz trecho da nota.<\/div>\n<div><\/div>\n<div>O MPF lembra a popula\u00e7\u00e3o que obra ainda n\u00e3o foi conclu\u00edda e como ainda se encontra em teste, poder\u00e1 levar riscos \u00e0s pessoas. Um dos alertas \u00e9 para que o paraibano evite banho ou a utiliza\u00e7\u00e3o das \u00e1guas do \u2018Velho Chico\u2019 sem que antes tenha sido atestada por um \u00f3rg\u00e3o competente.<\/div>\n<div><\/div>\n<div><b>Confira nota do MPF<\/b><\/div>\n<div><\/div>\n<div>Tendo em vista os compromissos assumidos e n\u00e3o cumpridos na integralidade, durante reuni\u00e3o realizada no dia 8 de mar\u00e7o de 2017, em Monteiro, entre \u00f3rg\u00e3os envolvidos na transposi\u00e7\u00e3o do rio S\u00e3o Francisco, eixo leste, meta 3L, e diante dos recorrentes desencontros de informa\u00e7\u00f5es t\u00e9cnicas, o Minist\u00e9rio P\u00fablico Federal (MPF) em Monteiro vem prestar esclarecimentos \u00e0 sociedade e fazer alguns alertas:<\/div>\n<div><\/div>\n<div>1 \u2013 A obra da transposi\u00e7\u00e3o na Para\u00edba n\u00e3o est\u00e1 conclu\u00edda, estando em fase de pr\u00e9-opera\u00e7\u00e3o e testes;<\/div>\n<div><\/div>\n<div>2 \u2013 As obras de adequa\u00e7\u00e3o necess\u00e1rias nas barragens Po\u00e7\u00f5es, Camala\u00fa e Boqueir\u00e3o n\u00e3o foram conclu\u00eddas, bem como n\u00e3o foram elaborados os planos de a\u00e7\u00e3o de emerg\u00eancia e\/ou de conting\u00eancia para acidentes;<\/div>\n<div><\/div>\n<div>3 \u2013 Ainda n\u00e3o h\u00e1 certeza t\u00e9cnico-cient\u00edfica acerca da qualidade da \u00e1gua, sem o devido tratamento, nos mananciais para consumo humano;<\/div>\n<div><\/div>\n<div>4 \u2013 N\u00e3o existe clareza de informa\u00e7\u00e3o acerca da vaz\u00e3o da \u00e1gua fornecida pela transposi\u00e7\u00e3o que passa pelos canais e rio Para\u00edba, no Cariri paraibano;<\/div>\n<div><\/div>\n<div>5 \u2013 A irregularidade da vaz\u00e3o da \u00e1gua que percorre o rio Para\u00edba, especialmente no trecho Po\u00e7\u00f5es-Camala\u00fa, aponta para a precariedade na gest\u00e3o do sistema;<\/div>\n<div><\/div>\n<div>6 \u2013 A passagem da \u00e1gua por Monteiro e Camala\u00fa, em vaz\u00e3o ainda desconhecida, e a suposta chegada da \u00e1gua em Boqueir\u00e3o, n\u00e3o significar\u00e3o a interrup\u00e7\u00e3o ou suspens\u00e3o no racionamento d\u2019\u00e1gua em curto prazo;<\/div>\n<div><\/div>\n<div>7 \u2013 A falta de revitaliza\u00e7\u00e3o do rio Para\u00edba prejudica a sustentabilidade da condu\u00e7\u00e3o da \u00e1gua at\u00e9 o a\u00e7ude de Boqueir\u00e3o, que abastece Campina Grande e regi\u00e3o;<\/div>\n<div><\/div>\n<div>8 \u2013 O assoreamento do rio Para\u00edba e outros fatores como evapora\u00e7\u00e3o, infiltra\u00e7\u00e3o e capta\u00e7\u00e3o irregular contribuem para dificultar ainda mais a chegada da \u00e1gua no a\u00e7ude de Boqueir\u00e3o;<\/div>\n<div><\/div>\n<div>9 \u2013 A vulnerabilidade da execu\u00e7\u00e3o da obra pode trazer riscos \u00e0 integridade f\u00edsica e psicol\u00f3gica da coletividade;<\/div>\n<div><\/div>\n<div>10 \u2013 Diante do cen\u00e1rio de incertezas, o MPF alerta a popula\u00e7\u00e3o para que evite banhos nos canais da transposi\u00e7\u00e3o e no leito do rio Para\u00edba; n\u00e3o utilize \u00e1gua sem outorga dos \u00f3rg\u00e3os competentes; n\u00e3o pratique atividades de extra\u00e7\u00e3o mineral sem as devidas autoriza\u00e7\u00f5es; e, em caso de rompimento de barragens ou canais, cumpra as orienta\u00e7\u00f5es dos \u00f3rg\u00e3os de defesa civil;<\/div>\n<div><\/div>\n<div>Por fim, o MPF em Monteiro informa que continuar\u00e1 na posi\u00e7\u00e3o de alerta e adotando medidas a fim de compelir os \u00f3rg\u00e3os a cumprirem as obriga\u00e7\u00f5es para plena execu\u00e7\u00e3o do Projeto de Integra\u00e7\u00e3o do Rio S\u00e3o Francisco (Pisf), de forma segura e efetiva.<\/div>\n<div>\n<p style=\"background: white;\"><strong><span style=\"font-family: 'Georgia','serif'; color: #333333;\">CARIRI EM A\u00c7\u00c3O<\/span><\/strong><\/p>\n<p style=\"background: white;\"><span style=\"font-family: 'Georgia','serif'; color: #333333;\">Com Ascom\/Foto:Reprodu\u00e7\u00e3o\u00a0<\/span><\/p>\n<p style=\"background: white;\"><strong><span style=\"font-family: 'Georgia','serif'; color: #333333;\">Leia mais not\u00edcias em\u00a0<\/span><\/strong><a href=\"http:\/\/www.caririemacao.com\/\"><b><span style=\"font-family: 'Georgia','serif';\">caririemacao.com<\/span><\/b><\/a><strong><span style=\"font-family: 'Georgia','serif'; color: #333333;\">, siga nossa p\u00e1gina no<\/span><\/strong><a href=\"https:\/\/www.facebook.com\/CaririEmAcao\/\"><b><span style=\"font-family: 'Georgia','serif';\">\u00a0Facebook<\/span><\/b><\/a><strong><span style=\"font-family: 'Georgia','serif'; color: #333333;\">\u00a0e\u00a0<a href=\"https:\/\/www.instagram.com\/cariri_em_acao\/?hl=pt-br\">Instagram<\/a>\u00a0veja nossas mat\u00e9rias e fotos. Voc\u00ea tamb\u00e9m pode enviar informa\u00e7\u00f5es \u00e0 Reda\u00e7\u00e3o do Portal Cariri em A\u00e7\u00e3o pelo WhatsApp (83) 9 9634.5791, (83) 9 9601-1162 ou (83) 9 994189.<\/span><\/strong><\/p>\n<\/div>\n","protected":false},"excerpt":{"rendered":"<p>O Minist\u00e9rio P\u00fablico Federal (MPF) emitiu nota, nesta sexta-feira (31), sobre a Transposi\u00e7\u00e3o na Para\u00edba e fez v\u00e1rios alertas a popula\u00e7\u00e3o sobre a \u00e1gua do&hellip; <\/p>\n","protected":false},"author":2,"featured_media":16932,"comment_status":"closed","ping_status":"closed","sticky":false,"template":"","format":"standard","meta":{"sfsi_plus_gutenberg_text_before_share":"","sfsi_plus_gutenberg_show_text_before_share":"","sfsi_plus_gutenberg_icon_type":"","sfsi_plus_gutenberg_icon_alignemt":"","sfsi_plus_gutenburg_max_per_row":"","footnotes":""},"categories":[2],"tags":[],"class_list":["post-16931","post","type-post","status-publish","format-standard","has-post-thumbnail","hentry","category-geral"],"_links":{"self":[{"href":"https:\/\/www.caririemacao.com\/1\/wp-json\/wp\/v2\/posts\/16931","targetHints":{"allow":["GET"]}}],"collection":[{"href":"https:\/\/www.caririemacao.com\/1\/wp-json\/wp\/v2\/posts"}],"about":[{"href":"https:\/\/www.caririemacao.com\/1\/wp-json\/wp\/v2\/types\/post"}],"author":[{"embeddable":true,"href":"https:\/\/www.caririemacao.com\/1\/wp-json\/wp\/v2\/users\/2"}],"replies":[{"embeddable":true,"href":"https:\/\/www.caririemacao.com\/1\/wp-json\/wp\/v2\/comments?post=16931"}],"version-history":[{"count":0,"href":"https:\/\/www.caririemacao.com\/1\/wp-json\/wp\/v2\/posts\/16931\/revisions"}],"wp:featuredmedia":[{"embeddable":true,"href":"https:\/\/www.caririemacao.com\/1\/wp-json\/wp\/v2\/media\/16932"}],"wp:attachment":[{"href":"https:\/\/www.caririemacao.com\/1\/wp-json\/wp\/v2\/media?parent=16931"}],"wp:term":[{"taxonomy":"category","embeddable":true,"href":"https:\/\/www.caririemacao.com\/1\/wp-json\/wp\/v2\/categories?post=16931"},{"taxonomy":"post_tag","embeddable":true,"href":"https:\/\/www.caririemacao.com\/1\/wp-json\/wp\/v2\/tags?post=16931"}],"curies":[{"name":"wp","href":"https:\/\/api.w.org\/{rel}","templated":true}]}}