{"id":169316,"date":"2020-05-14T06:02:11","date_gmt":"2020-05-14T09:02:11","guid":{"rendered":"https:\/\/www.caririemacao.com\/1\/?p=169316"},"modified":"2020-05-14T06:02:11","modified_gmt":"2020-05-14T09:02:11","slug":"vendas-no-comercio-caem-25-e-tem-pior-marco-desde-2003","status":"publish","type":"post","link":"https:\/\/www.caririemacao.com\/1\/2020\/05\/14\/vendas-no-comercio-caem-25-e-tem-pior-marco-desde-2003\/","title":{"rendered":"Vendas no com\u00e9rcio caem 2,5% e t\u00eam pior mar\u00e7o desde 2003"},"content":{"rendered":"\n<h1 class=\"wp-block-heading\"><\/h1>\n\n\n\n<p> As vendas do com\u00e9rcio brasileiro ca\u00edram 2,5% em mar\u00e7o, j\u00e1 com efeitos da pandemia do novo coronav\u00edrus. Foi o pior desempenho desde mar\u00e7o de 2003. Entre os oito setores pesquisados pelo IBGE (Instituto Brasileiro de Geografia e Estat\u00edstica), apenas supermercados e produtos de higiene e limpeza se salvaram.<\/p>\n\n\n\n<p>\u00c9 o quarto indicador dos efeitos das primeiras semanas de isolamento social sobre a economia brasileira. A OMS (Organiza\u00e7\u00e3o Mundial de Sa\u00fade) decretou pandemia no dia 11 de mar\u00e7o. Nas semanas seguintes, estados e munic\u00edpios come\u00e7aram a impor restri\u00e7\u00f5es \u00e0 circula\u00e7\u00e3o de pessoas.<\/p>\n\n\n\n<p>O setor de servi\u00e7os, respons\u00e1vel por 60% do PIB (Produto Interno Bruto), teve queda recorde no m\u00eas, de 6,9%. J\u00e1 a produ\u00e7\u00e3o industrial, afetada pela queda nas vendas, caiu 9,1%, pior resultado desde a greve dos caminhoneiros de 2018.<\/p>\n\n\n\n<p>Com isso, a taxa de desemprego avan\u00e7ou para 12,2% no trimestre encerrado em mar\u00e7o, com 1,2 milh\u00e3o de pessoas a mais na fila por uma vaga. No com\u00e9rcio, por exemplo, o fechamento de vagas foi o maior da s\u00e9rie hist\u00f3rica, iniciada em 2012.<\/p>\n\n\n\n<p>Considerando o segmento de Ve\u00edculos, partes e pe\u00e7as e materiais de constru\u00e7\u00e3o, o chamado varejo ampliado recuou 13,7% no m\u00eas passado, a queda mais intensa desde o in\u00edcio da s\u00e9rie hist\u00f3rica do IBGE, em fevereiro de 2003.<\/p>\n\n\n\n<p>&#8220;Mar\u00e7o foi bastante impactado pela estrat\u00e9gia de isolamento social adotada em algumas das cidades mais importantes e populosas a partir da segunda quinzena do m\u00eas&#8221; , diz o gerente da pesquisa, Cristiano Santos, acrescentando que 14,5% das empresas apontaram a Covid-19 como a principal causa de varia\u00e7\u00e3o das suas receitas.<\/p>\n\n\n\n<p>Na compara\u00e7\u00e3o com mar\u00e7o do ano passado, o recuo nas vendas foi de 1,2%. Em 2020, as vendas do varejo ainda acumulam alta de 1,6%. Em 12 meses, o aumento \u00e9 de 2,1%.<\/p>\n\n\n\n<p>O isolamento teve impactos distintos, diz o IBGE. Atividades que tiveram lojas f\u00edsicas fechadas registraram grandes recuos. \u00c9 o caso de Tecidos, vestu\u00e1rio e cal\u00e7ados (-42,2%), Livros, jornais, revistas e papelaria (-36,1%) e Outros artigos de uso pessoal e dom\u00e9stico (-27,4%).<\/p>\n\n\n\n<p>J\u00e1 aquelas consideradas essenciais se destacaram positivamente. As vendas do segmento de Hipermercados, supermercados, produtos aliment\u00edcios, bebidas e fumo subiram 14,6% e as de Artigos farmac\u00eauticos, m\u00e9dicos, ortop\u00e9dicos, de perfumaria e cosm\u00e9ticos, 1,3%.<\/p>\n\n\n\n<p>O setor de perfumaria, sab\u00e3o e limpeza foi um dos \u00fanicos que se salvaram do colapso na produ\u00e7\u00e3o industrial de mar\u00e7o, com alta de 0,7% em rela\u00e7\u00e3o ao m\u00eas anterior. Naquele m\u00eas, a ind\u00fastria teve o recuo mais disseminado da s\u00e9rie hist\u00f3rica, com queda em 23 dos 26 ramos pesquisados.<\/p>\n\n\n\n<p>Os resultados de mar\u00e7o foram impactados negativamente apenas no final do m\u00eas, quando foram iniciadas as restri\u00e7\u00f5es ao funcionamento de com\u00e9rcio e servi\u00e7os. A expectativa \u00e9 que em abril, com a maior parte dos estados j\u00e1 em isolamento durante todo o m\u00eas, os efeitos sejam ainda maiores.<\/p>\n\n\n\n<p>Na ind\u00fastria, por exemplo, o n\u00edvel de ociosidade atingiu um recorde no m\u00eas passado, registrando a queda mais r\u00e1pida de s\u00e9rie hist\u00f3rica pesquisada pelo Ibre\/FGV.<br>Na sexta (8), economistas ouvidos pelo Banco Central para a produ\u00e7\u00e3o do boletim Focus reviram suas proje\u00e7\u00f5es para a retra\u00e7\u00e3o do PIB de 2020, de 3,76% para 4,11%. O governo deve rever tamb\u00e9m a sua expectativa, para queda entre 4% e 5%.<\/p>\n","protected":false},"excerpt":{"rendered":"<p>As vendas do com\u00e9rcio brasileiro ca\u00edram 2,5% em mar\u00e7o, j\u00e1 com efeitos da pandemia do novo coronav\u00edrus. Foi o pior desempenho desde mar\u00e7o de 2003.&hellip; <\/p>\n","protected":false},"author":2,"featured_media":159385,"comment_status":"closed","ping_status":"closed","sticky":false,"template":"","format":"standard","meta":{"sfsi_plus_gutenberg_text_before_share":"","sfsi_plus_gutenberg_show_text_before_share":"","sfsi_plus_gutenberg_icon_type":"","sfsi_plus_gutenberg_icon_alignemt":"","sfsi_plus_gutenburg_max_per_row":"","footnotes":""},"categories":[2],"tags":[],"class_list":["post-169316","post","type-post","status-publish","format-standard","has-post-thumbnail","hentry","category-geral"],"_links":{"self":[{"href":"https:\/\/www.caririemacao.com\/1\/wp-json\/wp\/v2\/posts\/169316","targetHints":{"allow":["GET"]}}],"collection":[{"href":"https:\/\/www.caririemacao.com\/1\/wp-json\/wp\/v2\/posts"}],"about":[{"href":"https:\/\/www.caririemacao.com\/1\/wp-json\/wp\/v2\/types\/post"}],"author":[{"embeddable":true,"href":"https:\/\/www.caririemacao.com\/1\/wp-json\/wp\/v2\/users\/2"}],"replies":[{"embeddable":true,"href":"https:\/\/www.caririemacao.com\/1\/wp-json\/wp\/v2\/comments?post=169316"}],"version-history":[{"count":1,"href":"https:\/\/www.caririemacao.com\/1\/wp-json\/wp\/v2\/posts\/169316\/revisions"}],"predecessor-version":[{"id":169318,"href":"https:\/\/www.caririemacao.com\/1\/wp-json\/wp\/v2\/posts\/169316\/revisions\/169318"}],"wp:featuredmedia":[{"embeddable":true,"href":"https:\/\/www.caririemacao.com\/1\/wp-json\/wp\/v2\/media\/159385"}],"wp:attachment":[{"href":"https:\/\/www.caririemacao.com\/1\/wp-json\/wp\/v2\/media?parent=169316"}],"wp:term":[{"taxonomy":"category","embeddable":true,"href":"https:\/\/www.caririemacao.com\/1\/wp-json\/wp\/v2\/categories?post=169316"},{"taxonomy":"post_tag","embeddable":true,"href":"https:\/\/www.caririemacao.com\/1\/wp-json\/wp\/v2\/tags?post=169316"}],"curies":[{"name":"wp","href":"https:\/\/api.w.org\/{rel}","templated":true}]}}