{"id":169320,"date":"2020-05-14T06:07:15","date_gmt":"2020-05-14T09:07:15","guid":{"rendered":"https:\/\/www.caririemacao.com\/1\/?p=169320"},"modified":"2020-05-14T06:07:15","modified_gmt":"2020-05-14T09:07:15","slug":"governador-sanciona-lei-que-proibe-hospitais-publicos-e-privados-da-paraiba-de-recusar-pacientes-de-covid-19-2","status":"publish","type":"post","link":"https:\/\/www.caririemacao.com\/1\/2020\/05\/14\/governador-sanciona-lei-que-proibe-hospitais-publicos-e-privados-da-paraiba-de-recusar-pacientes-de-covid-19-2\/","title":{"rendered":"Governador sanciona lei que pro\u00edbe hospitais p\u00fablicos e privados da Para\u00edba de recusar pacientes de covid-19"},"content":{"rendered":"\n<h1 class=\"wp-block-heading\"><\/h1>\n\n\n\n<p>Hospitais das redes p\u00fablica e privada da Para\u00edba est\u00e3o proibidos de recusar atendimento a pacientes de doen\u00e7a origin\u00e1ria de epidemia, pandemia ou endemia, enquanto durar a decreta\u00e7\u00e3o de estado de calamidade p\u00fablica decorrente da doen\u00e7a. A lei, de autoria do deputado Wilson Filho, foi sancionada pelo governador Jo\u00e3o Azev\u00eado e publicada no Di\u00e1rio Oficial do Estado desta quarta-feira (13).<\/p>\n\n\n\n<p>Na pr\u00e1tica, nenhum hospital do estado, seja p\u00fablico ou privado, conveniado ou n\u00e3o ao SUS, pode recusar atendimento a pacientes com covid-19, enquanto o decreto de calamidade p\u00fablica estiver valendo.<\/p>\n\n\n\n<p>A lei tamb\u00e9m permite que a Secretaria de Estado de Sa\u00fade (SES) encaminhe esses pacientes para hospitais privados mediante aviso pr\u00e9vio ao hospital. Esses pacientes n\u00e3o poder\u00e3o ser recusados e as despesas ser\u00e3o pagas pela SES.&nbsp;<\/p>\n\n\n\n<p>A \u00fanica exce\u00e7\u00e3o \u00e9 para hospitais que comprovem preenchimento da capacidade m\u00e1xima de atendimento.<\/p>\n\n\n\n<p>O descumprimento da lei acarreta multa que varia de 10 mil a 30 mil UFR-PB (Unidades Fiscais de Refer\u00eancia do Estado da Para\u00edba) por paciente recusado sem motivo justo. Os valores arrecadados pelas multas estabelecidas ser\u00e3o destinados unicamente ao tratamento de epidemias, pandemias ou endemias no Estado da Para\u00edba.<\/p>\n","protected":false},"excerpt":{"rendered":"<p>Hospitais das redes p\u00fablica e privada da Para\u00edba est\u00e3o proibidos de recusar atendimento a pacientes de doen\u00e7a origin\u00e1ria de epidemia, pandemia ou endemia, enquanto durar&hellip; <\/p>\n","protected":false},"author":2,"featured_media":169321,"comment_status":"closed","ping_status":"closed","sticky":false,"template":"","format":"standard","meta":{"sfsi_plus_gutenberg_text_before_share":"","sfsi_plus_gutenberg_show_text_before_share":"","sfsi_plus_gutenberg_icon_type":"","sfsi_plus_gutenberg_icon_alignemt":"","sfsi_plus_gutenburg_max_per_row":"","footnotes":""},"categories":[16],"tags":[],"class_list":["post-169320","post","type-post","status-publish","format-standard","has-post-thumbnail","hentry","category-saude"],"_links":{"self":[{"href":"https:\/\/www.caririemacao.com\/1\/wp-json\/wp\/v2\/posts\/169320","targetHints":{"allow":["GET"]}}],"collection":[{"href":"https:\/\/www.caririemacao.com\/1\/wp-json\/wp\/v2\/posts"}],"about":[{"href":"https:\/\/www.caririemacao.com\/1\/wp-json\/wp\/v2\/types\/post"}],"author":[{"embeddable":true,"href":"https:\/\/www.caririemacao.com\/1\/wp-json\/wp\/v2\/users\/2"}],"replies":[{"embeddable":true,"href":"https:\/\/www.caririemacao.com\/1\/wp-json\/wp\/v2\/comments?post=169320"}],"version-history":[{"count":1,"href":"https:\/\/www.caririemacao.com\/1\/wp-json\/wp\/v2\/posts\/169320\/revisions"}],"predecessor-version":[{"id":169322,"href":"https:\/\/www.caririemacao.com\/1\/wp-json\/wp\/v2\/posts\/169320\/revisions\/169322"}],"wp:featuredmedia":[{"embeddable":true,"href":"https:\/\/www.caririemacao.com\/1\/wp-json\/wp\/v2\/media\/169321"}],"wp:attachment":[{"href":"https:\/\/www.caririemacao.com\/1\/wp-json\/wp\/v2\/media?parent=169320"}],"wp:term":[{"taxonomy":"category","embeddable":true,"href":"https:\/\/www.caririemacao.com\/1\/wp-json\/wp\/v2\/categories?post=169320"},{"taxonomy":"post_tag","embeddable":true,"href":"https:\/\/www.caririemacao.com\/1\/wp-json\/wp\/v2\/tags?post=169320"}],"curies":[{"name":"wp","href":"https:\/\/api.w.org\/{rel}","templated":true}]}}