{"id":169324,"date":"2020-05-14T06:10:05","date_gmt":"2020-05-14T09:10:05","guid":{"rendered":"https:\/\/www.caririemacao.com\/1\/?p=169324"},"modified":"2020-05-14T06:10:05","modified_gmt":"2020-05-14T09:10:05","slug":"cidade-de-monteiro-ganha-destaque-nacional-com-medidas-contra-coronavirus","status":"publish","type":"post","link":"https:\/\/www.caririemacao.com\/1\/2020\/05\/14\/cidade-de-monteiro-ganha-destaque-nacional-com-medidas-contra-coronavirus\/","title":{"rendered":"Cidade de Monteiro ganha destaque nacional com medidas contra coronav\u00edrus"},"content":{"rendered":"\n<h1 class=\"wp-block-heading\"><\/h1>\n\n\n\n<p>As estrat\u00e9gias adotadas pela Prefeitura de Monteiro, no Cariri paraibano, no combate \u00e0 pandemia do coronav\u00edrus ganharam destaque nacional com a ampla divulga\u00e7\u00e3o em diversos portais eletr\u00f4nicos de not\u00edcia e redes sociais.<\/p>\n\n\n\n<p>O conjunto de medidas adotadas pela atual administra\u00e7\u00e3o, dispostas em decretos e divulgadas amplamente atrav\u00e9s de orienta\u00e7\u00f5es com profissionais de sa\u00fade, proporcionaram ao munic\u00edpio permanecer com um amplo controle dos casos da doen\u00e7a em rela\u00e7\u00e3o a outras cidades, principalmente por ser o maior munic\u00edpio em \u00e1rea territorial do Estado.<\/p>\n\n\n\n<p>A Secretaria de Sa\u00fade tra\u00e7ou uma estrat\u00e9gia levando em conta a grande extens\u00e3o territorial do munic\u00edpio, bem como as zonas de fronteira com outros munic\u00edpios e com o vizinho Estado do Pernambuco, onde a cidade mais pr\u00f3xima conta com um n\u00famero alarmante de casos, incluindo registros de \u00f3bitos.<\/p>\n\n\n\n<p>Al\u00e9m da orienta\u00e7\u00e3o \u00e0 popula\u00e7\u00e3o, uma ala no Hospital Regional foi especialmente preparada para receber os pacientes, lavat\u00f3rios e distribui\u00e7\u00e3o de m\u00e1scaras est\u00e3o entre as medidas.<\/p>\n\n\n\n<p>Outro fato bastante considerado e repercutido se deu pela sensibilidade da gestora em disponibilizar tendas, cadeiras e funcion\u00e1rios para colaborar durante os saques dos aux\u00edlios emergenciais e outras a\u00e7\u00f5es nas ag\u00eancias banc\u00e1rias, mantendo as filas organizadas, com as devidas precau\u00e7\u00f5es da Organiza\u00e7\u00e3o Mundial de Sa\u00fade- OMS, e confort\u00e1veis para as pessoas.<\/p>\n\n\n\n<p>Monteiro ganhou destaque pela atua\u00e7\u00e3o intersetorial desenvolvida pela Prefeitura frente \u00e0 pandemia. A\u00e7\u00f5es como a cria\u00e7\u00e3o das atividades via rede social, de forma pioneira na regi\u00e3o, do atendimento \u00e0s pessoas em situa\u00e7\u00e3o de vulnerabilidade social como alunos da rede municipal e idosos e crian\u00e7as atendidos pelo Servi\u00e7o de Conviv\u00eancia e Fortalecimento de V\u00ednculos \u2013 SCFV, utiliza\u00e7\u00e3o de m\u00e9todo inovador de higieniza\u00e7\u00e3o das ruas, al\u00e9m dos decretos prevendo medidas de preven\u00e7\u00e3o e controle do coronav\u00edrus foram levadas em conta nas publica\u00e7\u00f5es.<\/p>\n\n\n\n<p>Para garantir o cumprimento dessas medidas, h\u00e1 um trabalho intensivo de fiscaliza\u00e7\u00e3o, coordenado pela Vigil\u00e2ncia em Sa\u00fade com o apoio da Pol\u00edcia Militar.<\/p>\n","protected":false},"excerpt":{"rendered":"<p>As estrat\u00e9gias adotadas pela Prefeitura de Monteiro, no Cariri paraibano, no combate \u00e0 pandemia do coronav\u00edrus ganharam destaque nacional com a ampla divulga\u00e7\u00e3o em diversos&hellip; <\/p>\n","protected":false},"author":2,"featured_media":169325,"comment_status":"closed","ping_status":"closed","sticky":false,"template":"","format":"standard","meta":{"sfsi_plus_gutenberg_text_before_share":"","sfsi_plus_gutenberg_show_text_before_share":"","sfsi_plus_gutenberg_icon_type":"","sfsi_plus_gutenberg_icon_alignemt":"","sfsi_plus_gutenburg_max_per_row":"","footnotes":""},"categories":[50,2],"tags":[],"class_list":["post-169324","post","type-post","status-publish","format-standard","has-post-thumbnail","hentry","category-destaque","category-geral"],"_links":{"self":[{"href":"https:\/\/www.caririemacao.com\/1\/wp-json\/wp\/v2\/posts\/169324","targetHints":{"allow":["GET"]}}],"collection":[{"href":"https:\/\/www.caririemacao.com\/1\/wp-json\/wp\/v2\/posts"}],"about":[{"href":"https:\/\/www.caririemacao.com\/1\/wp-json\/wp\/v2\/types\/post"}],"author":[{"embeddable":true,"href":"https:\/\/www.caririemacao.com\/1\/wp-json\/wp\/v2\/users\/2"}],"replies":[{"embeddable":true,"href":"https:\/\/www.caririemacao.com\/1\/wp-json\/wp\/v2\/comments?post=169324"}],"version-history":[{"count":1,"href":"https:\/\/www.caririemacao.com\/1\/wp-json\/wp\/v2\/posts\/169324\/revisions"}],"predecessor-version":[{"id":169326,"href":"https:\/\/www.caririemacao.com\/1\/wp-json\/wp\/v2\/posts\/169324\/revisions\/169326"}],"wp:featuredmedia":[{"embeddable":true,"href":"https:\/\/www.caririemacao.com\/1\/wp-json\/wp\/v2\/media\/169325"}],"wp:attachment":[{"href":"https:\/\/www.caririemacao.com\/1\/wp-json\/wp\/v2\/media?parent=169324"}],"wp:term":[{"taxonomy":"category","embeddable":true,"href":"https:\/\/www.caririemacao.com\/1\/wp-json\/wp\/v2\/categories?post=169324"},{"taxonomy":"post_tag","embeddable":true,"href":"https:\/\/www.caririemacao.com\/1\/wp-json\/wp\/v2\/tags?post=169324"}],"curies":[{"name":"wp","href":"https:\/\/api.w.org\/{rel}","templated":true}]}}