{"id":169333,"date":"2020-05-14T06:19:39","date_gmt":"2020-05-14T09:19:39","guid":{"rendered":"https:\/\/www.caririemacao.com\/1\/?p=169333"},"modified":"2020-05-14T06:19:39","modified_gmt":"2020-05-14T09:19:39","slug":"farmacias-devem-cumprir-normas-sanitarias-para-vender-testes-rapidos-da-covid-19-diz-mppb","status":"publish","type":"post","link":"https:\/\/www.caririemacao.com\/1\/2020\/05\/14\/farmacias-devem-cumprir-normas-sanitarias-para-vender-testes-rapidos-da-covid-19-diz-mppb\/","title":{"rendered":"Farm\u00e1cias devem cumprir normas sanit\u00e1rias para vender testes r\u00e1pidos da Covid-19, diz MPPB"},"content":{"rendered":"\n<h1 class=\"wp-block-heading\"><\/h1>\n\n\n\n<p>O Minist\u00e9rio P\u00fablico da Para\u00edba (MPPB) recomendou \u00e0s farm\u00e1cias e drogarias que optarem por realizar o teste r\u00e1pido para detec\u00e7\u00e3o do coronav\u00edrus o cumprimento integral das normas estabelecidas pelas ag\u00eancias nacional e estadual de Vigil\u00e2ncia Sanit\u00e1ria (Anvisa e Agevisa, respectivamente), que autorizaram esses estabelecimentos a realizar o procedimento em car\u00e1ter tempor\u00e1rio e excepcional, no per\u00edodo da pandemia. A medida \u00e9 v\u00e1lida para todo o Estado da Para\u00edba.<\/p>\n\n\n\n<p>A recomenda\u00e7\u00e3o foi elaborada conjuntamente pelos promotores de Justi\u00e7a que atuam no Programa Estadual de Prote\u00e7\u00e3o e Defesa do Consumidor do Minist\u00e9rio P\u00fablico da Para\u00edba (MP-Procon), tendo em vista a necess\u00e1ria ado\u00e7\u00e3o das medidas sanit\u00e1rias para que esses estabelecimentos n\u00e3o acabem se tornando um local de dissemina\u00e7\u00e3o da Covid-19, colocando em risco a sa\u00fade e a seguran\u00e7a de seus consumidores e colaboradores.<\/p>\n\n\n\n<p>Medidas Recomendadas:<\/p>\n\n\n\n<ul class=\"wp-block-list\"><li>Farm\u00e1cias e drogarias de toda a Para\u00edba s\u00f3 poder\u00e3o usar e comercializar testes r\u00e1pidos para detec\u00e7\u00e3o da Covid-19 autorizados pela Anvisa a pessoas sintom\u00e1ticas ou que apresentaram sintomas da doen\u00e7a.<\/li><li>Os estabelecimentos dever\u00e3o informar e orientar corretamente o consumidor quanto \u00e0s indica\u00e7\u00f5es dos fabricantes e as recomenda\u00e7\u00f5es das autoridades sanit\u00e1rias.<\/li><li>A venda indiscriminada dos testes r\u00e1pidos pode gerar risco sanit\u00e1rio e instabilidade na conten\u00e7\u00e3o da propaga\u00e7\u00e3o do novo coronav\u00edrus, tendo em vista que o produto pode ser utilizado de forma incorreta e a alta probabilidade de os testes apresentarem resultado \u201cfalso negativo\u201d.<\/li><li>Farm\u00e1cias e drogarias dever\u00e3o observar os requisitos t\u00e9cnicos de seguran\u00e7a estabelecidos pelos \u00f3rg\u00e3os sanit\u00e1rios e adotar medidas para prevenir o cont\u00e1gio do novo coronav\u00edrus em seus estabelecimentos. Para isso, dever\u00e3o possuir local isolado e identificado para realizar os testes r\u00e1pidos da Covid-19, com fluxo diferente do restante do estabelecimento.<\/li><li>O procedimento dever\u00e1 ser realizado por profissional farmac\u00eautico, a quem caber\u00e1 a decis\u00e3o final sobre a viabilidade da aplica\u00e7\u00e3o do teste, observando todas as normas relativas a boas pr\u00e1ticas farmac\u00eauticas.<\/li><li>Os estabelecimentos dever\u00e3o informar as autoridades estaduais e municipais de sa\u00fade sobre o quantitativo de testes realizados e seus respectivos resultados. Essa notifica\u00e7\u00e3o \u00e9 obrigat\u00f3ria e deve ser feita de forma imediata.<\/li><li>Tamb\u00e9m dever\u00e3o descartar, seguindo as normas t\u00e9cnicas, todos os res\u00edduos provenientes da realiza\u00e7\u00e3o do teste r\u00e1pido.<\/li><\/ul>\n","protected":false},"excerpt":{"rendered":"<p>O Minist\u00e9rio P\u00fablico da Para\u00edba (MPPB) recomendou \u00e0s farm\u00e1cias e drogarias que optarem por realizar o teste r\u00e1pido para detec\u00e7\u00e3o do coronav\u00edrus o cumprimento integral&hellip; <\/p>\n","protected":false},"author":2,"featured_media":169334,"comment_status":"closed","ping_status":"closed","sticky":false,"template":"","format":"standard","meta":{"sfsi_plus_gutenberg_text_before_share":"","sfsi_plus_gutenberg_show_text_before_share":"","sfsi_plus_gutenberg_icon_type":"","sfsi_plus_gutenberg_icon_alignemt":"","sfsi_plus_gutenburg_max_per_row":"","footnotes":""},"categories":[2],"tags":[],"class_list":["post-169333","post","type-post","status-publish","format-standard","has-post-thumbnail","hentry","category-geral"],"_links":{"self":[{"href":"https:\/\/www.caririemacao.com\/1\/wp-json\/wp\/v2\/posts\/169333","targetHints":{"allow":["GET"]}}],"collection":[{"href":"https:\/\/www.caririemacao.com\/1\/wp-json\/wp\/v2\/posts"}],"about":[{"href":"https:\/\/www.caririemacao.com\/1\/wp-json\/wp\/v2\/types\/post"}],"author":[{"embeddable":true,"href":"https:\/\/www.caririemacao.com\/1\/wp-json\/wp\/v2\/users\/2"}],"replies":[{"embeddable":true,"href":"https:\/\/www.caririemacao.com\/1\/wp-json\/wp\/v2\/comments?post=169333"}],"version-history":[{"count":1,"href":"https:\/\/www.caririemacao.com\/1\/wp-json\/wp\/v2\/posts\/169333\/revisions"}],"predecessor-version":[{"id":169335,"href":"https:\/\/www.caririemacao.com\/1\/wp-json\/wp\/v2\/posts\/169333\/revisions\/169335"}],"wp:featuredmedia":[{"embeddable":true,"href":"https:\/\/www.caririemacao.com\/1\/wp-json\/wp\/v2\/media\/169334"}],"wp:attachment":[{"href":"https:\/\/www.caririemacao.com\/1\/wp-json\/wp\/v2\/media?parent=169333"}],"wp:term":[{"taxonomy":"category","embeddable":true,"href":"https:\/\/www.caririemacao.com\/1\/wp-json\/wp\/v2\/categories?post=169333"},{"taxonomy":"post_tag","embeddable":true,"href":"https:\/\/www.caririemacao.com\/1\/wp-json\/wp\/v2\/tags?post=169333"}],"curies":[{"name":"wp","href":"https:\/\/api.w.org\/{rel}","templated":true}]}}