{"id":169337,"date":"2020-05-14T06:24:02","date_gmt":"2020-05-14T09:24:02","guid":{"rendered":"https:\/\/www.caririemacao.com\/1\/?p=169337"},"modified":"2020-05-14T06:24:02","modified_gmt":"2020-05-14T09:24:02","slug":"laboratorios-da-embrapa-e-da-fiocruz-passam-a-diagnosticar-a-covid-19","status":"publish","type":"post","link":"https:\/\/www.caririemacao.com\/1\/2020\/05\/14\/laboratorios-da-embrapa-e-da-fiocruz-passam-a-diagnosticar-a-covid-19\/","title":{"rendered":"Laborat\u00f3rios da Embrapa e da Fiocruz passam a diagnosticar a covid-19"},"content":{"rendered":"\n<h2 class=\"wp-block-heading\"><\/h2>\n\n\n\n<p>Os laborat\u00f3rios da Empresa Brasileira de Pesquisa Agropecu\u00e1ria (Embrapa) e da Funda\u00e7\u00e3o Oswaldo Cruz (Fiocruz) foram inclu\u00eddos na rede de an\u00e1lise para o diagn\u00f3stico do novo coronav\u00edrus (covid-19).&nbsp; A decis\u00e3o \u00e9 da diretoria colegiada da Ag\u00eancia Nacional de Vigil\u00e2ncia Sanit\u00e1ria (Anvisa).<\/p>\n\n\n\n<p>Segundo a Ag\u00eancia, o objetivo da medida \u00e9 ampliar a capacidade laboratorial p\u00fablica nacional para o diagn\u00f3stico da doen\u00e7a, diante da atual emerg\u00eancia em sa\u00fade p\u00fablica provocada pela covid-19. &#8220;Os laborat\u00f3rios da Embrapa e da Fiocruz re\u00fanem alta capacidade anal\u00edtica e profici\u00eancia em diversos m\u00e9todos e diagn\u00f3sticos&#8221;, destaca a Anvisa.<\/p>\n\n\n\n<p>De acordo com o diretor-presidente substituto e relator da proposta, Antonio Barra Torres, a inclus\u00e3o dos laborat\u00f3rios \u201ccontribui favoravelmente para a amplia\u00e7\u00e3o da capacidade anal\u00edtica de diagn\u00f3stico da covid-19\u201d.<\/p>\n\n\n\n<p>A resolu\u00e7\u00e3o est\u00e1 publicada no<em>&nbsp;<a href=\"http:\/\/www.in.gov.br\/web\/dou\/-\/resolucao-rdc-n-380-de-12-de-maio-de-2020-256532246\" target=\"_blank\" rel=\"noreferrer noopener\">Di\u00e1rio Oficial da Uni\u00e3o<\/a><\/em>&nbsp;desta quarta-feira (13) e ficar\u00e1 vigente enquanto o Minist\u00e9rio da Sa\u00fade mantiver a emerg\u00eancia relacionada \u00e0 pandemia do novo coronav\u00edrus.<\/p>\n","protected":false},"excerpt":{"rendered":"<p>Os laborat\u00f3rios da Empresa Brasileira de Pesquisa Agropecu\u00e1ria (Embrapa) e da Funda\u00e7\u00e3o Oswaldo Cruz (Fiocruz) foram inclu\u00eddos na rede de an\u00e1lise para o diagn\u00f3stico do&hellip; <\/p>\n","protected":false},"author":2,"featured_media":169338,"comment_status":"closed","ping_status":"closed","sticky":false,"template":"","format":"standard","meta":{"sfsi_plus_gutenberg_text_before_share":"","sfsi_plus_gutenberg_show_text_before_share":"","sfsi_plus_gutenberg_icon_type":"","sfsi_plus_gutenberg_icon_alignemt":"","sfsi_plus_gutenburg_max_per_row":"","footnotes":""},"categories":[2],"tags":[],"class_list":["post-169337","post","type-post","status-publish","format-standard","has-post-thumbnail","hentry","category-geral"],"_links":{"self":[{"href":"https:\/\/www.caririemacao.com\/1\/wp-json\/wp\/v2\/posts\/169337","targetHints":{"allow":["GET"]}}],"collection":[{"href":"https:\/\/www.caririemacao.com\/1\/wp-json\/wp\/v2\/posts"}],"about":[{"href":"https:\/\/www.caririemacao.com\/1\/wp-json\/wp\/v2\/types\/post"}],"author":[{"embeddable":true,"href":"https:\/\/www.caririemacao.com\/1\/wp-json\/wp\/v2\/users\/2"}],"replies":[{"embeddable":true,"href":"https:\/\/www.caririemacao.com\/1\/wp-json\/wp\/v2\/comments?post=169337"}],"version-history":[{"count":1,"href":"https:\/\/www.caririemacao.com\/1\/wp-json\/wp\/v2\/posts\/169337\/revisions"}],"predecessor-version":[{"id":169339,"href":"https:\/\/www.caririemacao.com\/1\/wp-json\/wp\/v2\/posts\/169337\/revisions\/169339"}],"wp:featuredmedia":[{"embeddable":true,"href":"https:\/\/www.caririemacao.com\/1\/wp-json\/wp\/v2\/media\/169338"}],"wp:attachment":[{"href":"https:\/\/www.caririemacao.com\/1\/wp-json\/wp\/v2\/media?parent=169337"}],"wp:term":[{"taxonomy":"category","embeddable":true,"href":"https:\/\/www.caririemacao.com\/1\/wp-json\/wp\/v2\/categories?post=169337"},{"taxonomy":"post_tag","embeddable":true,"href":"https:\/\/www.caririemacao.com\/1\/wp-json\/wp\/v2\/tags?post=169337"}],"curies":[{"name":"wp","href":"https:\/\/api.w.org\/{rel}","templated":true}]}}