{"id":169341,"date":"2020-05-14T06:28:22","date_gmt":"2020-05-14T09:28:22","guid":{"rendered":"https:\/\/www.caririemacao.com\/1\/?p=169341"},"modified":"2020-05-14T06:28:22","modified_gmt":"2020-05-14T09:28:22","slug":"ministro-do-stj-rejeita-pedido-de-entidades-estudantis-para-adiar-o-enem-2020","status":"publish","type":"post","link":"https:\/\/www.caririemacao.com\/1\/2020\/05\/14\/ministro-do-stj-rejeita-pedido-de-entidades-estudantis-para-adiar-o-enem-2020\/","title":{"rendered":"Ministro do STJ rejeita pedido de entidades estudantis para adiar o Enem 2020"},"content":{"rendered":"\n<h1 class=\"wp-block-heading\"><\/h1>\n\n\n\n<p>O ministro do Superior Tribunal de Justi\u00e7a (STJ) Gurgel de Faria indeferiu nesta quarta-feira (13) um pedido da Uni\u00e3o Nacional dos Estudantes (UNE) e da Uni\u00e3o Brasileira dos Estudantes Secundaristas (Ubes) para adiar a realiza\u00e7\u00e3o do Exame Nacional do Ensino M\u00e9dio (Enem), marcado para 1\u00ba e 8 de novembro.<\/p>\n\n\n\n<p>Relator do mandado de seguran\u00e7a impetrado pelas entidades, o ministro afirmou que elas n\u00e3o apresentaram nenhum ato assinado pelo ministro da Educa\u00e7\u00e3o, Abraham Weintraub, o que inviabiliza a an\u00e1lise do pedido.<\/p>\n\n\n\n<p>Gurgel de Faria destacou que as impetrantes apenas citam editais lan\u00e7ados pelo Instituto Nacional de Estudos e Pesquisas Educacionais An\u00edsio Teixeira (Inep), autarquia vinculada ao Minist\u00e9rio da Educa\u00e7\u00e3o respons\u00e1vel pela realiza\u00e7\u00e3o do exame.<\/p>\n\n\n\n<p>Segundo as entidades estudantis, mesmo ap\u00f3s o pa\u00eds inteiro adotar medidas para conten\u00e7\u00e3o da pandemia do novo coronav\u00edrus (Covid-19), o Minist\u00e9rio da Educa\u00e7\u00e3o manteve a programa\u00e7\u00e3o do Enem para novembro, com per\u00edodo de inscri\u00e7\u00e3o entre 11 e 22 de maio, de acordo com as regras anunciadas pelo Inep em editais publicados em mar\u00e7o.<\/p>\n\n\n\n<p>Desigualdade social<br>A UNE e a Ubes afirmaram que o Inep \u00e9 subordinado ao Minist\u00e9rio da Educa\u00e7\u00e3o \u2013 o que justificaria o ajuizamento do mandado de seguran\u00e7a contra ele \u2013 e que as inscri\u00e7\u00f5es para o Enem ocorrem antes mesmo do retorno \u00e0s aulas presenciais no Brasil \u2013 situa\u00e7\u00e3o que gera preju\u00edzo para milhares de alunos impedidos de estudar e se preparar para as provas em raz\u00e3o do isolamento social.<\/p>\n\n\n\n<p>As entidades mencionaram publica\u00e7\u00f5es do Inep em redes sociais, nas quais afirma que o cronograma est\u00e1 mantido, bem como entrevistas em que o ministro da Educa\u00e7\u00e3o declarou que o Enem 2020 n\u00e3o sofrer\u00e1 altera\u00e7\u00f5es.<\/p>\n\n\n\n<p>Para as demandantes, o cen\u00e1rio atual viola a isonomia e favorece o aumento da desigualdade social, pois os estudantes pobres das cidades ou de \u00e1reas rurais t\u00eam dificuldade para estudar pela internet e, muitas vezes, nem conseguem se alimentar adequadamente nesse per\u00edodo de isolamento social.<\/p>\n\n\n\n<p>Prova pr\u00e9-constitu\u00edda<br>O ministro Gurgel de Faria ressaltou que, de acordo com o artigo 105 , I, b, da Constitui\u00e7\u00e3o, compete ao STJ processar e julgar mandados de seguran\u00e7a impetrados contra atos do pr\u00f3prio tribunal, de ministros de Estado e dos comandantes da Marinha, do Ex\u00e9rcito e da Aeron\u00e1utica. Ele observou, por\u00e9m, que n\u00e3o foi juntado ao mandado de seguran\u00e7a nenhum ato praticado pelo ministro da Educa\u00e7\u00e3o<\/p>\n\n\n\n<p>&#8220;Assim, inexistindo ato concreto praticado pelo ministro de Estado da Educa\u00e7\u00e3o, evidencia-se a sua ilegitimidade e, em consequ\u00eancia, a incompet\u00eancia do STJ para processar e julgar o presente feito&#8221;, concluiu.<\/p>\n\n\n\n<p>O relator lembrou que, no mandado de seguran\u00e7a, \u00e9 indispens\u00e1vel que a prova do direito seja pr\u00e9-constitu\u00edda, apresentada no momento da impetra\u00e7\u00e3o \u2013 ou seja, n\u00e3o \u00e9 poss\u00edvel a produ\u00e7\u00e3o posterior de provas.<\/p>\n","protected":false},"excerpt":{"rendered":"<p>O ministro do Superior Tribunal de Justi\u00e7a (STJ) Gurgel de Faria indeferiu nesta quarta-feira (13) um pedido da Uni\u00e3o Nacional dos Estudantes (UNE) e da&hellip; <\/p>\n","protected":false},"author":2,"featured_media":169342,"comment_status":"closed","ping_status":"closed","sticky":false,"template":"","format":"standard","meta":{"sfsi_plus_gutenberg_text_before_share":"","sfsi_plus_gutenberg_show_text_before_share":"","sfsi_plus_gutenberg_icon_type":"","sfsi_plus_gutenberg_icon_alignemt":"","sfsi_plus_gutenburg_max_per_row":"","footnotes":""},"categories":[50,14,2],"tags":[],"class_list":["post-169341","post","type-post","status-publish","format-standard","has-post-thumbnail","hentry","category-destaque","category-educacao","category-geral"],"_links":{"self":[{"href":"https:\/\/www.caririemacao.com\/1\/wp-json\/wp\/v2\/posts\/169341","targetHints":{"allow":["GET"]}}],"collection":[{"href":"https:\/\/www.caririemacao.com\/1\/wp-json\/wp\/v2\/posts"}],"about":[{"href":"https:\/\/www.caririemacao.com\/1\/wp-json\/wp\/v2\/types\/post"}],"author":[{"embeddable":true,"href":"https:\/\/www.caririemacao.com\/1\/wp-json\/wp\/v2\/users\/2"}],"replies":[{"embeddable":true,"href":"https:\/\/www.caririemacao.com\/1\/wp-json\/wp\/v2\/comments?post=169341"}],"version-history":[{"count":1,"href":"https:\/\/www.caririemacao.com\/1\/wp-json\/wp\/v2\/posts\/169341\/revisions"}],"predecessor-version":[{"id":169343,"href":"https:\/\/www.caririemacao.com\/1\/wp-json\/wp\/v2\/posts\/169341\/revisions\/169343"}],"wp:featuredmedia":[{"embeddable":true,"href":"https:\/\/www.caririemacao.com\/1\/wp-json\/wp\/v2\/media\/169342"}],"wp:attachment":[{"href":"https:\/\/www.caririemacao.com\/1\/wp-json\/wp\/v2\/media?parent=169341"}],"wp:term":[{"taxonomy":"category","embeddable":true,"href":"https:\/\/www.caririemacao.com\/1\/wp-json\/wp\/v2\/categories?post=169341"},{"taxonomy":"post_tag","embeddable":true,"href":"https:\/\/www.caririemacao.com\/1\/wp-json\/wp\/v2\/tags?post=169341"}],"curies":[{"name":"wp","href":"https:\/\/api.w.org\/{rel}","templated":true}]}}