{"id":169346,"date":"2020-05-14T06:32:39","date_gmt":"2020-05-14T09:32:39","guid":{"rendered":"https:\/\/www.caririemacao.com\/1\/?p=169346"},"modified":"2020-05-14T06:32:39","modified_gmt":"2020-05-14T09:32:39","slug":"paraiba-ultrapassa-marca-de-3-mil-casos-confirmados-de-covid-19","status":"publish","type":"post","link":"https:\/\/www.caririemacao.com\/1\/2020\/05\/14\/paraiba-ultrapassa-marca-de-3-mil-casos-confirmados-de-covid-19\/","title":{"rendered":"Para\u00edba ultrapassa marca de 3 mil casos confirmados de Covid-19"},"content":{"rendered":"\n<h1 class=\"wp-block-heading\"><\/h1>\n\n\n\n<p><\/p>\n\n\n\n<p>Pelo segundo dia consecutivo, o estado da Para\u00edba confirmou mais de 250 casos de Covid-19, a doen\u00e7a provocada pelo novo coronav\u00edrus.<\/p>\n\n\n\n<p>Com esse n\u00famero, o Estado alcan\u00e7ou a marca de 3.045 casos confirmados.<\/p>\n\n\n\n<p>Conforme a SES, os mais de 3 mil casos est\u00e3o distribu\u00eddos nos seguintes munic\u00edpios:<\/p>\n\n\n\n<p>Alagoa Grande (7); Alagoa Nova (1); Alagoinha (5); Alhandra (46); Ara\u00e7agi (5); Areia (6); Areial (1); Aroeiras (5); Baia da Trai\u00e7\u00e3o (7); Bananeiras (3); Barra de Santana (2); Barra de S\u00e3o Miguel (1); Bayeux (74); Bel\u00e9m (4); Bom Jesus (1); Boqueir\u00e3o (2); Borborema (1); Brejo do Cruz (1); Caapor\u00e3 (75); Cabedelo (140); Cai\u00e7ara (5); Cajazeiras (24); Cajazeirinhas (1) Campina Grande (155); Capim (4); Casserengue (1); Catingueira (1); Condado (14); Conde (24); Congo (3); Coremas (5); Coxixola (3); Cruz do Esp\u00edrito Santo (25); Cuit\u00e9 (1); Cuit\u00e9 de Mamanguape (1); Cuitegi (5); Duas Estradas (1); Esperan\u00e7a (6); Gado Bravo (2); Guarabira (106); Gurinh\u00e9m (6); Igaracy (1); Imaculada (3); Ing\u00e1 (1); Itabaiana (13); Itaporanga (2); Itapororoca (5); Itatuba (2); Jo\u00e3o Pessoa (1368); Joca Claudino (1); Juarez T\u00e1vora (1); Juazeirinho (5); Junco do Serid\u00f3 (3); Juripiranga (11); Lagoa de Dentro (2); Lagoa Seca (8); Lucena (18); Malta (2); Mamanguape (12); Mari (40); Mariz\u00f3polis (3); Massaranduba (4); Mataraca (1); Matinhas (1); Matureia (1); Monteiro (7); Mogeiro (1); Mulungu (3); Natuba (1); Nova Floresta (1), Nova Olinda (1); Patos (138); Pedras de Fogo (38); Pianc\u00f3 (5); Picu\u00ed (1); Pilar (12); Pil\u00f5es (1); Pil\u00f5ezinhos (7); Pirpirituba (6); Pitimbu (12); Pocinhos (1); Pombal (3); Princesa Isabel (3); Puxinan\u00e3 (1); Queimadas (6); Quixaba (1); Rem\u00edgio (10); Riach\u00e3o do Bacamarte (3); Riach\u00e3o do Po\u00e7o (1); Riacho dos Cavalos (2); Rio Tinto (14); Santa Helena (1); Santa Luzia (4); Santa Rita (250); Santa Terezinha (1); S\u00e3o Bento (10); S\u00e3o Jo\u00e3o do Rio do Peixe (6); S\u00e3o Jos\u00e9 de Espinharas (1); S\u00e3o Jos\u00e9 de Piranhas (2); S\u00e3o Jos\u00e9 do Bonfim (2); S\u00e3o Jos\u00e9 do Sabugi (3); S\u00e3o Jos\u00e9 dos Ramos (2); S\u00e3o Miguel de Taipu (2); S\u00e3o Sebasti\u00e3o de Lagoa de Ro\u00e7a (5); Sap\u00e9 (95); Serra Branca (1); Serra da Raiz (3); Serra Redonda (2); Serraria (1); Sert\u00e3ozinho (2); Sobrado (3); Sol\u00e2nea (3); Soledade (2); Sousa (47); Tacima (2); Tapero\u00e1 (19); Teixeira (1); Uira\u00fana (2); Umbuzeiro (5); Vista Serrana (1).<\/p>\n\n\n\n<p>No mesmo per\u00edodo de 24 horas, houve tamb\u00e9m o registro de 3 mortes pela doen\u00e7a.<\/p>\n\n\n\n<p>Mulher, idosa, 66 anos, hipertensa, diab\u00e9tica, residente em Jo\u00e3o Pessoa, inicio dos sintomas no dia 28\/04\/2020, interna em hospital p\u00fablico e veio a \u00f3bito no dia 05\/05\/2020.<\/p>\n\n\n\n<p>Mulher, idosa, 64 anos, diab\u00e9tica, portadora de doen\u00e7a cardiovascular, residente em Santa Rita, inicio dos sintomas no dia 20\/04\/2020, interna em hospital p\u00fablico e veio a \u00f3bito no dia 07\/05\/2020.<\/p>\n\n\n\n<p>Homem, idoso, 75 anos, portador de obesidade e Doen\u00e7a Renal Dial\u00edtica, residente em Santa Rita, inicio dos sintomas no dia 20\/04\/2020, interna em hospital p\u00fablico e veio a \u00f3bito no dia 13\/05\/2020.<\/p>\n\n\n\n<p>Um total de 157 j\u00e1 faleceram pela doen\u00e7a.<\/p>\n\n\n\n<p>Al\u00e9m disso, o boletim registra a recupera\u00e7\u00e3o de 630 pessoas e 3.674 casos descartados.<\/p>\n\n\n\n<p>\u201cDos leitos de UTI para adultos ativados em todo o Estado, 65% est\u00e3o ocupados. Na Regi\u00e3o Metropolitana de Jo\u00e3o Pessoa, a taxa de ocupa\u00e7\u00e3o de UTI para adultos \u00e9 de 81%. O \u00cdndice de Isolamento social registrado pela Inloco no dia anterior \u00e9 de 43,7%\u201d, aponta o documento.<\/p>\n","protected":false},"excerpt":{"rendered":"<p>Pelo segundo dia consecutivo, o estado da Para\u00edba confirmou mais de 250 casos de Covid-19, a doen\u00e7a provocada pelo novo coronav\u00edrus. Com esse n\u00famero, o&hellip; <\/p>\n","protected":false},"author":2,"featured_media":169347,"comment_status":"closed","ping_status":"closed","sticky":false,"template":"","format":"standard","meta":{"sfsi_plus_gutenberg_text_before_share":"","sfsi_plus_gutenberg_show_text_before_share":"","sfsi_plus_gutenberg_icon_type":"","sfsi_plus_gutenberg_icon_alignemt":"","sfsi_plus_gutenburg_max_per_row":"","footnotes":""},"categories":[2],"tags":[],"class_list":["post-169346","post","type-post","status-publish","format-standard","has-post-thumbnail","hentry","category-geral"],"_links":{"self":[{"href":"https:\/\/www.caririemacao.com\/1\/wp-json\/wp\/v2\/posts\/169346","targetHints":{"allow":["GET"]}}],"collection":[{"href":"https:\/\/www.caririemacao.com\/1\/wp-json\/wp\/v2\/posts"}],"about":[{"href":"https:\/\/www.caririemacao.com\/1\/wp-json\/wp\/v2\/types\/post"}],"author":[{"embeddable":true,"href":"https:\/\/www.caririemacao.com\/1\/wp-json\/wp\/v2\/users\/2"}],"replies":[{"embeddable":true,"href":"https:\/\/www.caririemacao.com\/1\/wp-json\/wp\/v2\/comments?post=169346"}],"version-history":[{"count":1,"href":"https:\/\/www.caririemacao.com\/1\/wp-json\/wp\/v2\/posts\/169346\/revisions"}],"predecessor-version":[{"id":169348,"href":"https:\/\/www.caririemacao.com\/1\/wp-json\/wp\/v2\/posts\/169346\/revisions\/169348"}],"wp:featuredmedia":[{"embeddable":true,"href":"https:\/\/www.caririemacao.com\/1\/wp-json\/wp\/v2\/media\/169347"}],"wp:attachment":[{"href":"https:\/\/www.caririemacao.com\/1\/wp-json\/wp\/v2\/media?parent=169346"}],"wp:term":[{"taxonomy":"category","embeddable":true,"href":"https:\/\/www.caririemacao.com\/1\/wp-json\/wp\/v2\/categories?post=169346"},{"taxonomy":"post_tag","embeddable":true,"href":"https:\/\/www.caririemacao.com\/1\/wp-json\/wp\/v2\/tags?post=169346"}],"curies":[{"name":"wp","href":"https:\/\/api.w.org\/{rel}","templated":true}]}}