{"id":169354,"date":"2020-05-14T06:42:20","date_gmt":"2020-05-14T09:42:20","guid":{"rendered":"https:\/\/www.caririemacao.com\/1\/?p=169354"},"modified":"2020-05-14T06:42:20","modified_gmt":"2020-05-14T09:42:20","slug":"bolsonaro-diz-que-vai-discutir-com-teich-protocolo-do-uso-da-cloroquina-contra-covid-19","status":"publish","type":"post","link":"https:\/\/www.caririemacao.com\/1\/2020\/05\/14\/bolsonaro-diz-que-vai-discutir-com-teich-protocolo-do-uso-da-cloroquina-contra-covid-19\/","title":{"rendered":"Bolsonaro diz que vai discutir com Teich protocolo do uso da cloroquina contra Covid-19"},"content":{"rendered":"\n<h1 class=\"wp-block-heading\"><\/h1>\n\n\n\n<p>\u2014 N\u00e3o \u00e9 o meu entendimento, que eu n\u00e3o sou m\u00e9dico. \u00c9 o entendimento de muitos m\u00e9dicos do Brasil e outras entidades de outros pa\u00edses, [que] entendem que a cloroquina pode e deve ser usada desde o in\u00edcio, apesar de saberem que n\u00e3o tem uma confirma\u00e7\u00e3o cient\u00edfica da sua efic\u00e1cia. Mas, como estamos numa emerg\u00eancia, e a cloroquina sempre foi usada, desde 1955, e agora com a azitromicina, pode ser um alento para esta quantidade enorme de \u00f3bitos que estamos tendo no Brasil \u2014 defendeu Bolsonaro, em entrevista na sa\u00edda do Pal\u00e1cio da Alvorada.<\/p>\n\n\n\n<p>Ele disse que seu entendimento, ap\u00f3s ouvir m\u00e9dicos, \u00e9 que o medicamento deve ser usado desde o in\u00edcio da contamina\u00e7\u00e3o pelo novo coronav\u00edrus por quem integra grupos de risco, com comorbidade ou idosos.<\/p>\n\n\n\n<p>\u2014 Se fosse a minha m\u00e3e&#8230; Minha m\u00e3e est\u00e1 com 93 anos de idade. Eu vou atr\u00e1s dela, pego um m\u00e9dico, l\u00f3gico que n\u00e3o vou for\u00e7ar o m\u00e9dico \u2014 mas tem muitos m\u00e9dicos que concordam com este tipo de medicamento \u2014 e ela usaria a hidroxicloroquina, enquanto n\u00e3o tivermos algo comprovado no mundo, temos este no Brasil aqui, que pode dar certo, pode n\u00e3o dar certo. Mas como a pessoa n\u00e3o pode esperar quatro, cinco dias para decidir, que a morte pode vir, \u00e9 melhor usar &#8211; declarou.<\/p>\n\n\n\n<p>Na ter\u00e7a-feira, Nelson Teich foi \u00e0s redes sociais informar que o Minist\u00e9rio da Sa\u00fade autorizou a prescri\u00e7\u00e3o da cloroquina para pacientes hospitalizados no dia 23 de mar\u00e7o. Um m\u00eas depois, o Conselho Federal de Medicina possibilitou possibilitou o uso da subst\u00e2ncia em outras situa\u00e7\u00f5es.<\/p>\n\n\n\n<p>Teich fez ent\u00e3o o que chamou de &#8220;um alerta importante&#8221;: &#8220;a cloroquina \u00e9 um medicamento com efeitos colaterais. Ent\u00e3o, qualquer prescri\u00e7\u00e3o deve ser feita com base em avalia\u00e7\u00e3o m\u00e9dica. O paciente deve entender os riscos e assinar o &#8216;Termo de Consentimento&#8217; antes de iniciar o uso da cloroquina&#8221;. Ele disse ainda que a pasta acompanha todas as pesquisas nacionais e internacionais sobre o tratamento do coronav\u00edrus, que avaliam, al\u00e9m da cloroquina, mais de 10 medicamentos.<\/p>\n\n\n\n<p>Questionado se ficou contrariado com as publica\u00e7\u00f5es do ministro, Bolsonaro respondeu que todos os ministros t\u00eam que estar afinados com ele.<\/p>\n\n\n\n<p>\u2014 Todos os ministros s\u00e3o indica\u00e7\u00f5es pol\u00edticas minhas, t\u00e1 certo? E quando eu converso com os ministros, eu quero efic\u00e1cia na ponta da linha. Nesse caso, n\u00e3o \u00e9 gostar ou n\u00e3o do ministro Teich, t\u00e1? \u00c9 o que est\u00e1 acontecendo. N\u00f3s estamos tendo a\u00ed centenas de mortes por dia. Se existe uma possibilidade de diminuir esse n\u00famero com a cloroquina, por que n\u00e3o us\u00e1-la. Alguns falam que pode ser placebo. Eu falo: pode ser. A gente n\u00e3o sabe. Mas pode n\u00e3o ser tamb\u00e9m. A gente n\u00e3o pode daqui a dois anos falar &#8220;ah, se tivesse usado a cloroquina l\u00e1 atr\u00e1s, ter\u00edamos salvo milhares de pessoas&#8221;. S\u00f3 isso \u2014&nbsp; declarou.<\/p>\n\n\n\n<p>Sobre o alinhamento com o ministro em outras quest\u00f5es, como a do isolamento social, o presidente disse que, desde o come\u00e7o da pandemia, defende o que classifica como &#8220;isolamento vertical&#8221;, cuidar das pessoas do grupo de risco e &#8220;botar o povo pra trabalhar&#8221;.<\/p>\n\n\n\n<p>\u2014 Olha s\u00f3. Tem uma m\u00e1xima do Napole\u00e3o dizendo mais ou menos o seguinte: &#8220;enquanto o inimigo estiver fazendo um movimento errado, deixe-o \u00e0 vontade&#8221;. No Brasil, no meu entender, o movimento errado \u00e9 se preocupar apenas e t\u00e3o somente com a quest\u00e3o do v\u00edrus. Tem o desemprego do lado. A esquerda t\u00e1 quietinha. A esquerda t\u00e1 quietinha. O povo precisa trabalhar.<\/p>\n\n\n\n<p>Ao ser indagado se Teich, que tomou posse h\u00e1 menos de um m\u00eas, pode ser trocado se n\u00e3o aceitar sua posi\u00e7\u00e3o, Bolsonaro disse n\u00e3o \u00e9 ele que est\u00e1 pedindo nem mandando e declarou que h\u00e1 &#8220;quase um consenso&#8221; na classe m\u00e9dica sobre a cloroquina.<\/p>\n\n\n\n<p>\u2014 A gente est\u00e1 falando em vida. \u00c9 vida que est\u00e1 em jogo. Tem muita gente que chega ao hospital, pelo que eu levantei, em especial Norte e Nordeste, que n\u00e3o \u00e9 oferecida a cloroquina para ele. Simplesmente deita, d\u00e1 uma alimenta\u00e7\u00e3o ali ou um soro e espera ele se curar. Para n\u00f3s, mais jovens, o tratamento \u00e9 esse. N\u00f3s n\u00e3o, n\u00e9?, porque eu estou com 65. Mas se eu for acometido eu tomo a cloroquina e ponto final, p\u00f4. Eu que decido minha vida. E tenho certeza que n\u00e3o vai faltar m\u00e9dico para receitar pra mim a cloroquina.<\/p>\n\n\n\n<p><strong>Exames de Covid-19<\/strong><\/p>\n\n\n\n<p>O presidente comentou ainda o fato de a Advocacia-Geral da Uni\u00e3o (AGU) ter entregue, na noite anterior, os seus exames para detectar eventual cont\u00e1gio pelo novo coronav\u00edrus, ap\u00f3s quase dois meses de negativas.<\/p>\n\n\n\n<p>O pedido de apresenta\u00e7\u00e3o dos laudos foi feito pelo jornal &#8220;O Estado de S.Paulo&#8221;, que recorreu ao Supremo Tribunal Federal (STF) ap\u00f3s liminar do presidente do Superior Tribunal de Justi\u00e7a (STF), Jos\u00e9 Ot\u00e1vio Noronha, suspendendo uma decis\u00e3o judicial que garantia o acesso ao documento. No Supremo, o relator do processo \u00e9 o ministro Ricardo Lewandowski.<\/p>\n\n\n\n<p>\u2014 O meu advogado chama-se dr. Levi, da AGU. O ministro vai decidir hoje, Lewandowski, deve decidir hoje \u00e0 tarde, se d\u00e1 a liminar, decide judicialmente se eu entrego ou n\u00e3o. Ent\u00e3o j\u00e1 mandamos entregar pra ele e ele decide o que fazer \u2014 declarou Bolsonaro.<\/p>\n\n\n\n<p>Questionado se \u00e9 favor\u00e1vel \u00e0 divulga\u00e7\u00e3o dos exames, ele respondeu que est\u00e1 &#8220;fazendo valer a lei&#8221;, da qual \u00e9 &#8220;escravo&#8221;.<\/p>\n\n\n\n<p>\u2014 E a lei diz que a intimidade&#8230; isso a\u00ed voc\u00ea n\u00e3o precisa divulgar. Por isso que eu desde o come\u00e7o me neguei a negar. Agora alguns acham que eu t\u00f4 mentindo. J\u00e1 adianto: ca\u00edram do cavalo \u2014 declarou.<\/p>\n","protected":false},"excerpt":{"rendered":"<p>\u2014 N\u00e3o \u00e9 o meu entendimento, que eu n\u00e3o sou m\u00e9dico. \u00c9 o entendimento de muitos m\u00e9dicos do Brasil e outras entidades de outros pa\u00edses,&hellip; <\/p>\n","protected":false},"author":2,"featured_media":169355,"comment_status":"closed","ping_status":"closed","sticky":false,"template":"","format":"standard","meta":{"sfsi_plus_gutenberg_text_before_share":"","sfsi_plus_gutenberg_show_text_before_share":"","sfsi_plus_gutenberg_icon_type":"","sfsi_plus_gutenberg_icon_alignemt":"","sfsi_plus_gutenburg_max_per_row":"","footnotes":""},"categories":[2],"tags":[],"class_list":["post-169354","post","type-post","status-publish","format-standard","has-post-thumbnail","hentry","category-geral"],"_links":{"self":[{"href":"https:\/\/www.caririemacao.com\/1\/wp-json\/wp\/v2\/posts\/169354","targetHints":{"allow":["GET"]}}],"collection":[{"href":"https:\/\/www.caririemacao.com\/1\/wp-json\/wp\/v2\/posts"}],"about":[{"href":"https:\/\/www.caririemacao.com\/1\/wp-json\/wp\/v2\/types\/post"}],"author":[{"embeddable":true,"href":"https:\/\/www.caririemacao.com\/1\/wp-json\/wp\/v2\/users\/2"}],"replies":[{"embeddable":true,"href":"https:\/\/www.caririemacao.com\/1\/wp-json\/wp\/v2\/comments?post=169354"}],"version-history":[{"count":1,"href":"https:\/\/www.caririemacao.com\/1\/wp-json\/wp\/v2\/posts\/169354\/revisions"}],"predecessor-version":[{"id":169356,"href":"https:\/\/www.caririemacao.com\/1\/wp-json\/wp\/v2\/posts\/169354\/revisions\/169356"}],"wp:featuredmedia":[{"embeddable":true,"href":"https:\/\/www.caririemacao.com\/1\/wp-json\/wp\/v2\/media\/169355"}],"wp:attachment":[{"href":"https:\/\/www.caririemacao.com\/1\/wp-json\/wp\/v2\/media?parent=169354"}],"wp:term":[{"taxonomy":"category","embeddable":true,"href":"https:\/\/www.caririemacao.com\/1\/wp-json\/wp\/v2\/categories?post=169354"},{"taxonomy":"post_tag","embeddable":true,"href":"https:\/\/www.caririemacao.com\/1\/wp-json\/wp\/v2\/tags?post=169354"}],"curies":[{"name":"wp","href":"https:\/\/api.w.org\/{rel}","templated":true}]}}