{"id":169358,"date":"2020-05-14T06:48:10","date_gmt":"2020-05-14T09:48:10","guid":{"rendered":"https:\/\/www.caririemacao.com\/1\/?p=169358"},"modified":"2020-05-14T06:48:10","modified_gmt":"2020-05-14T09:48:10","slug":"seap-da-paraiba-vai-receber-do-departamento-penitenciario-nacional-1-500-testes-para-covid-19-para-examinar-presos-e-policiais-penais","status":"publish","type":"post","link":"https:\/\/www.caririemacao.com\/1\/2020\/05\/14\/seap-da-paraiba-vai-receber-do-departamento-penitenciario-nacional-1-500-testes-para-covid-19-para-examinar-presos-e-policiais-penais\/","title":{"rendered":"Seap da Para\u00edba vai receber do Departamento Penitenci\u00e1rio Nacional 1.500 testes para Covid-19 para examinar presos e policiais penais"},"content":{"rendered":"\n<h1 class=\"wp-block-heading\"><\/h1>\n\n\n\n<p>A Secretaria de Estado da Administra\u00e7\u00e3o Penitenci\u00e1ria (SEAP), vai receber cerca de 1.500 testes r\u00e1pidos para apenados e policiais penais com sintomas gripais ou da Covid-19. Os testes ser\u00e3o encaminhados \u00e0 SEAP pelo Departamento Penitenci\u00e1rio Nacional (DEPEN) e \u00e9 resultado da reuni\u00e3o semanal do \u00f3rg\u00e3o com os secret\u00e1rios estaduais do sistema penitenci\u00e1rio do Norte e Nordeste. Ser\u00e3o distribu\u00eddos com os estados dessas regi\u00f5es 87 mil testes r\u00e1pidos para Covid-19.<\/p>\n\n\n\n<p>O secret\u00e1rio S\u00e9rgio Fonseca, que participou da teleconfer\u00eancia com o DEPEN na tarde desta quarta-feira (13), prev\u00ea que os testes cheguem \u00e0 Para\u00edba nos pr\u00f3ximos 15 dias. \u00c9 mais um refor\u00e7o \u00e0s medidas preventivas estabelecidas pelo Governo da Para\u00edba no Sistema Penitenci\u00e1rio atrav\u00e9s do Plano de Conting\u00eancia da SEAP.<\/p>\n\n\n\n<p>&#8220;N\u00f3s temos que estar monitorando casos, identificando quem est\u00e1 com a Covid-19 para os devidos procedimentos de isolamento social dessas pessoas e n\u00e3o deixar que o v\u00edrus se prolifere no sistema prisonal&#8221;, revelou S\u00e9rgio Fonseca.<\/p>\n\n\n\n<p>O secret\u00e1rio informou ainda que a SEAP j\u00e1 distribui m\u00e1scaras com policiais penais e com reeducandos. O equipamento de prote\u00e7\u00e3o individual \u00e9 fabricado nas quatro unidades prisionais femininas e o DEPEN vai enviar lotes de m\u00e1scaras para os apenados da Para\u00edba.<\/p>\n","protected":false},"excerpt":{"rendered":"<p>A Secretaria de Estado da Administra\u00e7\u00e3o Penitenci\u00e1ria (SEAP), vai receber cerca de 1.500 testes r\u00e1pidos para apenados e policiais penais com sintomas gripais ou da&hellip; <\/p>\n","protected":false},"author":2,"featured_media":169359,"comment_status":"closed","ping_status":"closed","sticky":false,"template":"","format":"standard","meta":{"sfsi_plus_gutenberg_text_before_share":"","sfsi_plus_gutenberg_show_text_before_share":"","sfsi_plus_gutenberg_icon_type":"","sfsi_plus_gutenberg_icon_alignemt":"","sfsi_plus_gutenburg_max_per_row":"","footnotes":""},"categories":[2],"tags":[],"class_list":["post-169358","post","type-post","status-publish","format-standard","has-post-thumbnail","hentry","category-geral"],"_links":{"self":[{"href":"https:\/\/www.caririemacao.com\/1\/wp-json\/wp\/v2\/posts\/169358","targetHints":{"allow":["GET"]}}],"collection":[{"href":"https:\/\/www.caririemacao.com\/1\/wp-json\/wp\/v2\/posts"}],"about":[{"href":"https:\/\/www.caririemacao.com\/1\/wp-json\/wp\/v2\/types\/post"}],"author":[{"embeddable":true,"href":"https:\/\/www.caririemacao.com\/1\/wp-json\/wp\/v2\/users\/2"}],"replies":[{"embeddable":true,"href":"https:\/\/www.caririemacao.com\/1\/wp-json\/wp\/v2\/comments?post=169358"}],"version-history":[{"count":1,"href":"https:\/\/www.caririemacao.com\/1\/wp-json\/wp\/v2\/posts\/169358\/revisions"}],"predecessor-version":[{"id":169360,"href":"https:\/\/www.caririemacao.com\/1\/wp-json\/wp\/v2\/posts\/169358\/revisions\/169360"}],"wp:featuredmedia":[{"embeddable":true,"href":"https:\/\/www.caririemacao.com\/1\/wp-json\/wp\/v2\/media\/169359"}],"wp:attachment":[{"href":"https:\/\/www.caririemacao.com\/1\/wp-json\/wp\/v2\/media?parent=169358"}],"wp:term":[{"taxonomy":"category","embeddable":true,"href":"https:\/\/www.caririemacao.com\/1\/wp-json\/wp\/v2\/categories?post=169358"},{"taxonomy":"post_tag","embeddable":true,"href":"https:\/\/www.caririemacao.com\/1\/wp-json\/wp\/v2\/tags?post=169358"}],"curies":[{"name":"wp","href":"https:\/\/api.w.org\/{rel}","templated":true}]}}