{"id":169362,"date":"2020-05-14T06:52:28","date_gmt":"2020-05-14T09:52:28","guid":{"rendered":"https:\/\/www.caririemacao.com\/1\/?p=169362"},"modified":"2020-05-14T06:52:28","modified_gmt":"2020-05-14T09:52:28","slug":"exames-de-bolsonaro-entregues-ao-stf-deram-negativo-para-coronavirus-atestam-laudos","status":"publish","type":"post","link":"https:\/\/www.caririemacao.com\/1\/2020\/05\/14\/exames-de-bolsonaro-entregues-ao-stf-deram-negativo-para-coronavirus-atestam-laudos\/","title":{"rendered":"Exames de Bolsonaro entregues ao STF deram negativo para coronav\u00edrus, atestam laudos"},"content":{"rendered":"\n<h1 class=\"wp-block-heading\"><\/h1>\n\n\n\n<p>Laudos recebidos pelo Supremo Tribunal Federal (STF) e tornados p\u00fablicos nesta quarta-feira (13) atestam que o presidente Jair Bolsonaro teve resultado negativo nos exames para o novo coronav\u00edrus.<\/p>\n\n\n\n<p>Os documentos s\u00f3 foram divulgados ap\u00f3s o jornal &#8220;O Estado de S. Paulo&#8221; entrar na Justi\u00e7a pedindo acesso. Os laudos foram registrados com nomes falsos, por quest\u00e3o de seguran\u00e7a. O CPF e a data de nascimento nos pap\u00e9is s\u00e3o, de fato, de Bolsonaro.<\/p>\n\n\n\n<p>Antes, o presidente j\u00e1 tinha anunciado os resultados negativos em redes sociais, mas se recusava a mostrar os laudos em si.<\/p>\n\n\n\n<p>&#8220;Para a realiza\u00e7\u00e3o dos exames foram utilizados no cadastro junto ao laborat\u00f3rio conveniado Sabin os nomes fict\u00edcios Airton Guedes e Rafael Augusto Alves da Costa Ferraz, sendo preservados todos dados pessoais de registro civil junto aos \u00f3rg\u00e3os oficiais&#8221;, afirma o of\u00edcio do Comandante Log\u00edstico do Hospital das For\u00e7as Armadas, Rui Yutaka Matsuda.<\/p>\n\n\n\n<figure class=\"wp-block-image\"><img decoding=\"async\" data-src=\"https:\/\/www.clickpb.com.br\/media\/filer_public\/74\/3e\/743e2555-5ef1-42ee-bbb1-edd869591a9a\/whatsapp_image_2020-05-13_at_154154.jpeg\" alt=\"\" src=\"data:image\/svg+xml;base64,PHN2ZyB3aWR0aD0iMSIgaGVpZ2h0PSIxIiB4bWxucz0iaHR0cDovL3d3dy53My5vcmcvMjAwMC9zdmciPjwvc3ZnPg==\" class=\"lazyload\" \/><\/figure>\n\n\n\n<figure class=\"wp-block-image\"><img decoding=\"async\" data-src=\"https:\/\/www.clickpb.com.br\/media\/filer_public\/6c\/0c\/6c0c5a11-e4b9-450e-bbad-52455465e484\/whatsapp_image_2020-05-13_at_154158.jpeg\" alt=\"\" src=\"data:image\/svg+xml;base64,PHN2ZyB3aWR0aD0iMSIgaGVpZ2h0PSIxIiB4bWxucz0iaHR0cDovL3d3dy53My5vcmcvMjAwMC9zdmciPjwvc3ZnPg==\" class=\"lazyload\" \/><\/figure>\n\n\n\n<figure class=\"wp-block-image\"><img decoding=\"async\" data-src=\"https:\/\/www.clickpb.com.br\/media\/filer_public\/8c\/0c\/8c0cb7fd-2386-4701-a15b-f0b6e11ae202\/whatsapp_image_2020-05-13_at_160748.jpeg\" alt=\"\" src=\"data:image\/svg+xml;base64,PHN2ZyB3aWR0aD0iMSIgaGVpZ2h0PSIxIiB4bWxucz0iaHR0cDovL3d3dy53My5vcmcvMjAwMC9zdmciPjwvc3ZnPg==\" class=\"lazyload\" \/><\/figure>\n\n\n\n<p>O processo chegou ao Supremo Tribunal Federal e, na noite desta ter\u00e7a (13), a Advocacia-Geral da Uni\u00e3o (AGU) forneceu os laudos ao ministro relator, Ricardo Lewandowski. Os pap\u00e9is foram mantidos em envelope lacrado e, no in\u00edcio da tarde, Lewandowski determinou a inclus\u00e3o nos autos, sem sigilo.<\/p>\n\n\n\n<p>&#8220;Determino a juntada aos autos eletr\u00f4nicos de todos os laudos e documentos entregues pela Uni\u00e3o em meu gabinete, aos quais se dar\u00e1 ampla publicidade&#8221;, afirmou o ministro na decis\u00e3o.<\/p>\n\n\n\n<p>A a\u00e7\u00e3o movida pelo &#8220;Estad\u00e3o&#8221; foi marcada por idas e vindas. O jornal chegou a receber decis\u00f5es favor\u00e1veis, com a determina\u00e7\u00e3o de que o exame fosse entregue em 48 horas, mas o governo conseguiu reverter a ordem no Tribunal Regional Federal da 3\u00aa Regi\u00e3o (TRF-3).<\/p>\n\n\n\n<p>O jornal recorreu, ent\u00e3o, ao Supremo. Nesta ter\u00e7a, a AGU decidiu entregar os laudos antes mesmo de uma decis\u00e3o do ministro Lewandowski.<\/p>\n\n\n\n<p><strong>Sequ\u00eancia de testes<\/strong><\/p>\n\n\n\n<p>O primeiro exame foi feito por Jair Bolsonaro logo ap\u00f3s o retorno de uma viagem oficial aos Estados Unidos, em mar\u00e7o. Naquele momento, uma TV americana chegou a afirmar que o presidente tinha sido contaminado, sem apresentar documentos.<\/p>\n\n\n\n<p>Ao longo daquele m\u00eas, pelo menos 23 pessoas que participaram da viagem oficial testaram positivo para a Covid-19. O primeiro diagn\u00f3stico foi do secret\u00e1rio de Comunica\u00e7\u00e3o da Presid\u00eancia, F\u00e1bio Wajngarten, que j\u00e1 voltou ao Brasil isolado no avi\u00e3o e fez o teste ap\u00f3s o desembarque.<\/p>\n\n\n\n<p>Dias depois, Bolsonaro repetiu o teste como parte do protocolo de seguran\u00e7a, para evitar um falso negativo motivado pela chamada &#8220;janela imunol\u00f3gica&#8221;. O presidente voltou a anunciar resultado negativo, sem apresentar qualquer comprova\u00e7\u00e3o.<\/p>\n\n\n\n<p>O terceiro exame n\u00e3o foi divulgado pelo presidente em rede social, mas consta na lista de documentos entregues pela AGU.<\/p>\n\n\n\n<p><strong>Falta de cuidado<\/strong><\/p>\n\n\n\n<p>Os resultados de Jair Bolsonaro no teste de coronav\u00edrus geraram preocupa\u00e7\u00e3o porque, desde o in\u00edcio da pandemia, o presidente da Rep\u00fablica infringiu, diversas vezes, os protocolos de distanciamento social e isolamento recomendados pelas autoridades de sa\u00fade.<\/p>\n\n\n\n<p>Dias ap\u00f3s voltar dos Estados Unidos, e j\u00e1 com a informa\u00e7\u00e3o de que parte da comitiva estava contaminada, Bolsonaro rompeu o isolamento recomendado pelos m\u00e9dicos da Presid\u00eancia da Rep\u00fablica e participou de um protesto na Esplanada dos Minist\u00e9rios.<\/p>\n\n\n\n<p>No ato, o presidente cumprimentou, abra\u00e7os e tirou fotos com simpatizantes.<\/p>\n","protected":false},"excerpt":{"rendered":"<p>Laudos recebidos pelo Supremo Tribunal Federal (STF) e tornados p\u00fablicos nesta quarta-feira (13) atestam que o presidente Jair Bolsonaro teve resultado negativo nos exames para&hellip; <\/p>\n","protected":false},"author":2,"featured_media":169363,"comment_status":"closed","ping_status":"closed","sticky":false,"template":"","format":"standard","meta":{"sfsi_plus_gutenberg_text_before_share":"","sfsi_plus_gutenberg_show_text_before_share":"","sfsi_plus_gutenberg_icon_type":"","sfsi_plus_gutenberg_icon_alignemt":"","sfsi_plus_gutenburg_max_per_row":"","footnotes":""},"categories":[11],"tags":[],"class_list":["post-169362","post","type-post","status-publish","format-standard","has-post-thumbnail","hentry","category-politica"],"_links":{"self":[{"href":"https:\/\/www.caririemacao.com\/1\/wp-json\/wp\/v2\/posts\/169362","targetHints":{"allow":["GET"]}}],"collection":[{"href":"https:\/\/www.caririemacao.com\/1\/wp-json\/wp\/v2\/posts"}],"about":[{"href":"https:\/\/www.caririemacao.com\/1\/wp-json\/wp\/v2\/types\/post"}],"author":[{"embeddable":true,"href":"https:\/\/www.caririemacao.com\/1\/wp-json\/wp\/v2\/users\/2"}],"replies":[{"embeddable":true,"href":"https:\/\/www.caririemacao.com\/1\/wp-json\/wp\/v2\/comments?post=169362"}],"version-history":[{"count":1,"href":"https:\/\/www.caririemacao.com\/1\/wp-json\/wp\/v2\/posts\/169362\/revisions"}],"predecessor-version":[{"id":169364,"href":"https:\/\/www.caririemacao.com\/1\/wp-json\/wp\/v2\/posts\/169362\/revisions\/169364"}],"wp:featuredmedia":[{"embeddable":true,"href":"https:\/\/www.caririemacao.com\/1\/wp-json\/wp\/v2\/media\/169363"}],"wp:attachment":[{"href":"https:\/\/www.caririemacao.com\/1\/wp-json\/wp\/v2\/media?parent=169362"}],"wp:term":[{"taxonomy":"category","embeddable":true,"href":"https:\/\/www.caririemacao.com\/1\/wp-json\/wp\/v2\/categories?post=169362"},{"taxonomy":"post_tag","embeddable":true,"href":"https:\/\/www.caririemacao.com\/1\/wp-json\/wp\/v2\/tags?post=169362"}],"curies":[{"name":"wp","href":"https:\/\/api.w.org\/{rel}","templated":true}]}}