{"id":16938,"date":"2017-03-31T18:11:02","date_gmt":"2017-03-31T21:11:02","guid":{"rendered":"http:\/\/caririemacao.com\/1\/?p=16938"},"modified":"2017-04-01T00:13:57","modified_gmt":"2017-04-01T03:13:57","slug":"levei-carao-dos-meus-pais-e-eles-estavam-muito-certos-ironiza-ricardo","status":"publish","type":"post","link":"https:\/\/www.caririemacao.com\/1\/2017\/03\/31\/levei-carao-dos-meus-pais-e-eles-estavam-muito-certos-ironiza-ricardo\/","title":{"rendered":"Levei \u2018car\u00e3o\u2019 dos meus pais e eles estavam muito certos, ironiza Ricardo"},"content":{"rendered":"<p>O governador Ricardo Coutinho (PSB), ao ser questionado sobre as elei\u00e7\u00f5es de 2018, afirmou que confia na capacidade do projeto acima de qualquer nome que seja colocado.<\/p>\n<p>Ele destacou que \u00e9 preciso investir em a\u00e7\u00f5es para beneficiar o povo da Para\u00edba e pensar no assunto apenas no momento oportuno.<\/p>\n<p>\u2013 Eu n\u00e3o estou nem a\u00ed, eu estou \u00e9 querendo tempo para inaugurar tanta coisa. Eu aprendi a fazer pol\u00edtica querendo saber o que cada um representa. O povo sabe o que eu represento e vai chegar o momento exato onde n\u00f3s vamos discutir o que era a Para\u00edba, o que \u00e9 hoje e o que pode ser. O povo da Para\u00edba vai derrotar o atraso, a in\u00e9rcia e aqueles que n\u00e3o t\u00eam posi\u00e7\u00e3o \u2013 colocou.<\/p>\n<p>Ricardo citou que o pol\u00edtico que alegou n\u00e3o aceitar car\u00e3o em p\u00fablico, referindo-de ao senador C\u00e1ssio Cunha Lima, est\u00e1 fazendo teatro e afirmou que esse tipo de conversa n\u00e3o existe.<\/p>\n<div id=\"attachment_123764\" class=\"wp-caption aligncenter\">\n<p class=\"wp-caption-text\">Ele destacou que n\u00e3o est\u00e1 em sua pauta uma aproxima\u00e7\u00e3o com o senador Jos\u00e9 Maranh\u00e3o (PMDB) e com o prefeito Luciano Cartaxo (PSD).<\/p>\n<\/div>\n<p>\u2013 N\u00e3o quero discutir fofoca, futrica, negocinho, faz de conta que um briga com outro. \u2018Ah, eu n\u00e3o aceito car\u00e3o\u2019, que conversa \u00e9 essa? Quer enrolar a quem, amigo? Voc\u00ea passa a vida enrolando todo mundo e ainda por cima quer enrolar a quem com esse tipo de teatro? Levei car\u00e3o de meu pai e de minha m\u00e3e, com muita honra, e eles estavam muito certos \u2013 alfinetou.<\/p>\n<p style=\"background: white;\"><strong><span style=\"font-family: 'Georgia','serif'; color: #333333;\">CARIRI EM A\u00c7\u00c3O<\/span><\/strong><\/p>\n<p style=\"background: white;\"><span style=\"font-family: 'Georgia','serif'; color: #333333;\">Com R\u00e1dio Arapuan FM\/Foto: Paraibaonline<\/span><\/p>\n<p style=\"background: white;\"><strong><span style=\"font-family: 'Georgia','serif'; color: #333333;\">Leia mais not\u00edcias em\u00a0<\/span><\/strong><a href=\"http:\/\/www.caririemacao.com\/\"><b><span style=\"font-family: 'Georgia','serif';\">caririemacao.com<\/span><\/b><\/a><strong><span style=\"font-family: 'Georgia','serif'; color: #333333;\">, siga nossa p\u00e1gina no<\/span><\/strong><a href=\"https:\/\/www.facebook.com\/CaririEmAcao\/\"><b><span style=\"font-family: 'Georgia','serif';\">\u00a0Facebook<\/span><\/b><\/a><strong><span style=\"font-family: 'Georgia','serif'; color: #333333;\">\u00a0e\u00a0<a href=\"https:\/\/www.instagram.com\/cariri_em_acao\/?hl=pt-br\">Instagram<\/a>\u00a0veja nossas mat\u00e9rias e fotos. Voc\u00ea tamb\u00e9m pode enviar informa\u00e7\u00f5es \u00e0 Reda\u00e7\u00e3o do Portal Cariri em A\u00e7\u00e3o pelo WhatsApp (83) 9 9634.5791, (83) 9 9601-1162 ou (83) 9 994189.<\/span><\/strong><\/p>\n","protected":false},"excerpt":{"rendered":"<p>O governador Ricardo Coutinho (PSB), ao ser questionado sobre as elei\u00e7\u00f5es de 2018, afirmou que confia na capacidade do projeto acima de qualquer nome que&hellip; <\/p>\n","protected":false},"author":2,"featured_media":16939,"comment_status":"closed","ping_status":"closed","sticky":false,"template":"","format":"standard","meta":{"sfsi_plus_gutenberg_text_before_share":"","sfsi_plus_gutenberg_show_text_before_share":"","sfsi_plus_gutenberg_icon_type":"","sfsi_plus_gutenberg_icon_alignemt":"","sfsi_plus_gutenburg_max_per_row":"","footnotes":""},"categories":[11],"tags":[],"class_list":["post-16938","post","type-post","status-publish","format-standard","has-post-thumbnail","hentry","category-politica"],"_links":{"self":[{"href":"https:\/\/www.caririemacao.com\/1\/wp-json\/wp\/v2\/posts\/16938","targetHints":{"allow":["GET"]}}],"collection":[{"href":"https:\/\/www.caririemacao.com\/1\/wp-json\/wp\/v2\/posts"}],"about":[{"href":"https:\/\/www.caririemacao.com\/1\/wp-json\/wp\/v2\/types\/post"}],"author":[{"embeddable":true,"href":"https:\/\/www.caririemacao.com\/1\/wp-json\/wp\/v2\/users\/2"}],"replies":[{"embeddable":true,"href":"https:\/\/www.caririemacao.com\/1\/wp-json\/wp\/v2\/comments?post=16938"}],"version-history":[{"count":0,"href":"https:\/\/www.caririemacao.com\/1\/wp-json\/wp\/v2\/posts\/16938\/revisions"}],"wp:featuredmedia":[{"embeddable":true,"href":"https:\/\/www.caririemacao.com\/1\/wp-json\/wp\/v2\/media\/16939"}],"wp:attachment":[{"href":"https:\/\/www.caririemacao.com\/1\/wp-json\/wp\/v2\/media?parent=16938"}],"wp:term":[{"taxonomy":"category","embeddable":true,"href":"https:\/\/www.caririemacao.com\/1\/wp-json\/wp\/v2\/categories?post=16938"},{"taxonomy":"post_tag","embeddable":true,"href":"https:\/\/www.caririemacao.com\/1\/wp-json\/wp\/v2\/tags?post=16938"}],"curies":[{"name":"wp","href":"https:\/\/api.w.org\/{rel}","templated":true}]}}