{"id":169385,"date":"2020-05-14T07:30:31","date_gmt":"2020-05-14T10:30:31","guid":{"rendered":"https:\/\/www.caririemacao.com\/1\/?p=169385"},"modified":"2020-05-14T07:30:31","modified_gmt":"2020-05-14T10:30:31","slug":"fifa-divulga-novas-datas-de-competicoes-adiadas-devido-a-pandemia","status":"publish","type":"post","link":"https:\/\/www.caririemacao.com\/1\/2020\/05\/14\/fifa-divulga-novas-datas-de-competicoes-adiadas-devido-a-pandemia\/","title":{"rendered":"FIFA divulga novas datas de competi\u00e7\u00f5es adiadas devido \u00e0 pandemia"},"content":{"rendered":"\n<h2 class=\"wp-block-heading\"><\/h2>\n\n\n\n<p>A Fifa, entidade m\u00e1xima do futebol mundial, divulgou as novas datas para a realiza\u00e7\u00e3o da Copa do Mundo de Futsal da Litu\u00e2nia, por meio de&nbsp;<a href=\"https:\/\/www.fifa.com\/who-we-are\/news\/bureau-of-the-fifa-council-decisions-on-fifa-events\">comunicado oficial<\/a>. A competi\u00e7\u00e3o vai ocorrer no segundo semestre do ano que vem, entre os dias 12 de setembro e 3 de outubro. A disputa inicialmente estava prevista no calend\u00e1rio de 2020, teve de ser adiada devido \u00e0 pandemia do novo coronar\u00edvus (covid-19).<\/p>\n\n\n\n<p>A crise na sa\u00fade tamb\u00e9m provocou o reagendamento dos campeonatos de base organizados pela Fifa. A Copa do Mundo Feminina sub-20, com sede na Costa Rica e no Panam\u00e1, foi transferida para o in\u00edcio de 2021: ser\u00e1 de 20 de janeiro a 6 de fevereiro. Apesar da mudan\u00e7a, est\u00e1 mantido o regulamento de participa\u00e7\u00e3o: poder\u00e3o competir&nbsp; atletas que nasceram em 2000, ou seja, que completam 21 anos no ano da disputa.<\/p>\n\n\n\n<p>O mesmo vale para os atletas que disputar\u00e3o a Copa do Mundo masculina sub-17: os jogadores que nasceram em 2003, que consequentemente completar\u00e3o 18 anos em 2021, n\u00e3o ter\u00e3o impedimento de representar suas respectivas sele\u00e7\u00f5es. O Mundial desta categoria foi confirmado para o per\u00edodo que vai de 17 de fevereiro a 7 de mar\u00e7o, na \u00cdndia.<\/p>\n\n\n\n<p>J\u00e1 o 70\u00ba Congresso da FIFA, com sede em&nbsp;Adis Abeba (Eti\u00f3pia), adiado para o dia 18 de setembro &#8211; o evento estava marcado para 5 de julho mas foi adiado devido \u00e0 pandemia &#8211; est\u00e1 mantido no calend\u00e1rio da entidade, at\u00e9 o momento.&nbsp;<\/p>\n","protected":false},"excerpt":{"rendered":"<p>A Fifa, entidade m\u00e1xima do futebol mundial, divulgou as novas datas para a realiza\u00e7\u00e3o da Copa do Mundo de Futsal da Litu\u00e2nia, por meio de&nbsp;comunicado&hellip; <\/p>\n","protected":false},"author":2,"featured_media":169386,"comment_status":"closed","ping_status":"closed","sticky":false,"template":"","format":"standard","meta":{"sfsi_plus_gutenberg_text_before_share":"","sfsi_plus_gutenberg_show_text_before_share":"","sfsi_plus_gutenberg_icon_type":"","sfsi_plus_gutenberg_icon_alignemt":"","sfsi_plus_gutenburg_max_per_row":"","footnotes":""},"categories":[2],"tags":[],"class_list":["post-169385","post","type-post","status-publish","format-standard","has-post-thumbnail","hentry","category-geral"],"_links":{"self":[{"href":"https:\/\/www.caririemacao.com\/1\/wp-json\/wp\/v2\/posts\/169385","targetHints":{"allow":["GET"]}}],"collection":[{"href":"https:\/\/www.caririemacao.com\/1\/wp-json\/wp\/v2\/posts"}],"about":[{"href":"https:\/\/www.caririemacao.com\/1\/wp-json\/wp\/v2\/types\/post"}],"author":[{"embeddable":true,"href":"https:\/\/www.caririemacao.com\/1\/wp-json\/wp\/v2\/users\/2"}],"replies":[{"embeddable":true,"href":"https:\/\/www.caririemacao.com\/1\/wp-json\/wp\/v2\/comments?post=169385"}],"version-history":[{"count":1,"href":"https:\/\/www.caririemacao.com\/1\/wp-json\/wp\/v2\/posts\/169385\/revisions"}],"predecessor-version":[{"id":169387,"href":"https:\/\/www.caririemacao.com\/1\/wp-json\/wp\/v2\/posts\/169385\/revisions\/169387"}],"wp:featuredmedia":[{"embeddable":true,"href":"https:\/\/www.caririemacao.com\/1\/wp-json\/wp\/v2\/media\/169386"}],"wp:attachment":[{"href":"https:\/\/www.caririemacao.com\/1\/wp-json\/wp\/v2\/media?parent=169385"}],"wp:term":[{"taxonomy":"category","embeddable":true,"href":"https:\/\/www.caririemacao.com\/1\/wp-json\/wp\/v2\/categories?post=169385"},{"taxonomy":"post_tag","embeddable":true,"href":"https:\/\/www.caririemacao.com\/1\/wp-json\/wp\/v2\/tags?post=169385"}],"curies":[{"name":"wp","href":"https:\/\/api.w.org\/{rel}","templated":true}]}}