{"id":169394,"date":"2020-05-14T07:39:43","date_gmt":"2020-05-14T10:39:43","guid":{"rendered":"https:\/\/www.caririemacao.com\/1\/?p=169394"},"modified":"2020-05-14T07:39:43","modified_gmt":"2020-05-14T10:39:43","slug":"joao-azevedo-deve-anunciar-novas-medidas-de-restricao-admite-secretario-de-saude","status":"publish","type":"post","link":"https:\/\/www.caririemacao.com\/1\/2020\/05\/14\/joao-azevedo-deve-anunciar-novas-medidas-de-restricao-admite-secretario-de-saude\/","title":{"rendered":"Jo\u00e3o Azev\u00eado deve anunciar novas medidas de restri\u00e7\u00e3o, admite secret\u00e1rio de Sa\u00fade"},"content":{"rendered":"\n<h1 class=\"wp-block-heading\"><\/h1>\n\n\n\n<p>Em reuni\u00e3o virtual com deputados estaduais organizada pela Assembleia Legislativa da Para\u00edba (ALPB)&nbsp; o secret\u00e1rio estadual da Sa\u00fade, Geraldo Medeiros, &nbsp;defendeu a continua\u00e7\u00e3o do isolamento social e afirmou que o governador Jo\u00e3o Azevedo (Cidadania) vai anunciar mais medidas de restri\u00e7\u00f5es at\u00e9 o fim desta quarta-feira (13).<\/p>\n\n\n\n<p>Medeiros demonstrou preocupa\u00e7\u00e3o com o n\u00famero de casos registrados no Estado, em especial na Regi\u00e3o Metropolitana de Jo\u00e3o Pessoa. Ele ressaltou que o isolamento social \u00e9 a principal medida para combater o v\u00edrus.<\/p>\n\n\n\n<p>\u201cN\u00f3s podemos entrar em colapso na Grande Jo\u00e3o Pessoa, se n\u00e3o tivermos um isolamento social mais forte. Temos uma ocupa\u00e7\u00e3o de leito de UTI de 81% na Regi\u00e3o Metropolitana. Estamos na vig\u00eancia do pico da doen\u00e7a e pe\u00e7o aos paraibanos que aceitem a nossa orienta\u00e7\u00e3o e fiquem em casa\u201d, disse.<\/p>\n\n\n\n<figure class=\"wp-block-image\"><img decoding=\"async\" data-src=\"https:\/\/wscom.com.br\/wp-content\/uploads\/2020\/05\/64c1f567-057a-4a73-8c1b-2cf722dd1a29-300x174.jpeg\" alt=\"\" class=\"wp-image-708893 lazyload\" src=\"data:image\/svg+xml;base64,PHN2ZyB3aWR0aD0iMSIgaGVpZ2h0PSIxIiB4bWxucz0iaHR0cDovL3d3dy53My5vcmcvMjAwMC9zdmciPjwvc3ZnPg==\" style=\"--smush-placeholder-width: 300px; --smush-placeholder-aspect-ratio: 300\/174;\" \/><\/figure>\n\n\n\n<p>O presidente da Casa, Adriano Galdino (PSB), refor\u00e7ou a preocupa\u00e7\u00e3o que a ALPB tem tido com o trabalho realizado pelo Governo na luta contra o v\u00edrus. Ele questionou as a\u00e7\u00f5es direcionadas aos profissionais da Sa\u00fade, que diariamente correm o risco de contamina\u00e7\u00e3o. O secret\u00e1rio admitiu que h\u00e1 uma quantidade elevada de profissionais infectados, o que tem preocupado a Secret\u00e1ria de Sa\u00fade. Mas, destacou que j\u00e1 h\u00e1 convoca\u00e7\u00e3o para que mais trabalhadores sejam contratados em toda a Para\u00edba.<\/p>\n\n\n\n<p>Geraldo Medeiros estava acompanhado de auxiliares da pasta e apresentou aos parlamentares o panorama da situa\u00e7\u00e3o da pandemia. A secret\u00e1ria executiva da Sa\u00fade, Renata N\u00f3brega, ressaltou que at\u00e9 o fim da semana, a Para\u00edba vai ultrapassar tr\u00eas mil casos confirmados. Ela afirmou que os leitos de UTI para adultos ativados em todo o Estado, 65% est\u00e3o ocupados. Na Regi\u00e3o Metropolitana de Jo\u00e3o Pessoa, a taxa de ocupa\u00e7\u00e3o \u00e9 de 81%. O \u00cdndice de Isolamento social registrado pela Inloco no dia anterior \u00e9 de 44,4%.<\/p>\n\n\n\n<p>Os deputados cobraram da Secretaria uma explica\u00e7\u00e3o sobre os valores de R$ 1,2 milh\u00e3o empenhados pela pasta na compra de 40 mil m\u00e1scaras. Geraldo Medeiros disse que a compra dos equipamentos foi realizada no in\u00edcio da pandemia, momento em que o produto estava escasso por causa da alta procura. \u201cFoi feita uma tomada de pre\u00e7os com sete empresas e apenas uma delas poderia atender a demanda estadual. Havia sido observado o quase esgotamento de m\u00e1scara N95 na em toda a rede, constatando-se que 17 hospitais dentre os 32 estavam com estoque zerado\u201d, declarou.<\/p>\n\n\n\n<p>Os parlamentares que atuam no Sert\u00e3o paraibano voltaram a cobrar medidas para conter a doen\u00e7a na regi\u00e3o. Preocupados, eles solicitaram mais uma vez a instala\u00e7\u00e3o de um hospital de campanha em Patos, para atender a popula\u00e7\u00e3o da regi\u00e3o. \u201cEu continuo insistindo que os pacientes graves devem ser encaminhados para Jo\u00e3o Pessoa e Campina Grande, pois s\u00e3o doentes muito dif\u00edceis de tratar, e essas cidades disp\u00f5em de pessoas preparadas para o tratamento. Se n\u00e3o for dessa forma, vamos ter um n\u00famero de \u00f3bitos muito maior\u201d, destacou Geraldo. A mesma recomenda\u00e7\u00e3o, segundo o gestor, serve para a regi\u00e3o do Brejo.<\/p>\n\n\n\n<p>Questionado sobre a possibilidade do fechamento total (lockdown) das atividades nas cidades da Regi\u00e3o Metropolitana da Capital, o secret\u00e1rio disse que apesar de ser uma possibilidade, o governador Jo\u00e3o Azev\u00eado tem acenado que o foco \u00e9 diminuir a circula\u00e7\u00e3o com chamamento de aten\u00e7\u00e3o e fiscaliza\u00e7\u00e3o nesses lugares.<\/p>\n","protected":false},"excerpt":{"rendered":"<p>Em reuni\u00e3o virtual com deputados estaduais organizada pela Assembleia Legislativa da Para\u00edba (ALPB)&nbsp; o secret\u00e1rio estadual da Sa\u00fade, Geraldo Medeiros, &nbsp;defendeu a continua\u00e7\u00e3o do isolamento&hellip; <\/p>\n","protected":false},"author":2,"featured_media":169395,"comment_status":"closed","ping_status":"closed","sticky":false,"template":"","format":"standard","meta":{"sfsi_plus_gutenberg_text_before_share":"","sfsi_plus_gutenberg_show_text_before_share":"","sfsi_plus_gutenberg_icon_type":"","sfsi_plus_gutenberg_icon_alignemt":"","sfsi_plus_gutenburg_max_per_row":"","footnotes":""},"categories":[11],"tags":[],"class_list":["post-169394","post","type-post","status-publish","format-standard","has-post-thumbnail","hentry","category-politica"],"_links":{"self":[{"href":"https:\/\/www.caririemacao.com\/1\/wp-json\/wp\/v2\/posts\/169394","targetHints":{"allow":["GET"]}}],"collection":[{"href":"https:\/\/www.caririemacao.com\/1\/wp-json\/wp\/v2\/posts"}],"about":[{"href":"https:\/\/www.caririemacao.com\/1\/wp-json\/wp\/v2\/types\/post"}],"author":[{"embeddable":true,"href":"https:\/\/www.caririemacao.com\/1\/wp-json\/wp\/v2\/users\/2"}],"replies":[{"embeddable":true,"href":"https:\/\/www.caririemacao.com\/1\/wp-json\/wp\/v2\/comments?post=169394"}],"version-history":[{"count":1,"href":"https:\/\/www.caririemacao.com\/1\/wp-json\/wp\/v2\/posts\/169394\/revisions"}],"predecessor-version":[{"id":169396,"href":"https:\/\/www.caririemacao.com\/1\/wp-json\/wp\/v2\/posts\/169394\/revisions\/169396"}],"wp:featuredmedia":[{"embeddable":true,"href":"https:\/\/www.caririemacao.com\/1\/wp-json\/wp\/v2\/media\/169395"}],"wp:attachment":[{"href":"https:\/\/www.caririemacao.com\/1\/wp-json\/wp\/v2\/media?parent=169394"}],"wp:term":[{"taxonomy":"category","embeddable":true,"href":"https:\/\/www.caririemacao.com\/1\/wp-json\/wp\/v2\/categories?post=169394"},{"taxonomy":"post_tag","embeddable":true,"href":"https:\/\/www.caririemacao.com\/1\/wp-json\/wp\/v2\/tags?post=169394"}],"curies":[{"name":"wp","href":"https:\/\/api.w.org\/{rel}","templated":true}]}}