{"id":169398,"date":"2020-05-14T07:51:41","date_gmt":"2020-05-14T10:51:41","guid":{"rendered":"https:\/\/www.caririemacao.com\/1\/?p=169398"},"modified":"2020-05-14T07:51:41","modified_gmt":"2020-05-14T10:51:41","slug":"gestao-de-camalau-entrega-kits-para-mais-de-400-maes-do-municipio","status":"publish","type":"post","link":"https:\/\/www.caririemacao.com\/1\/2020\/05\/14\/gestao-de-camalau-entrega-kits-para-mais-de-400-maes-do-municipio\/","title":{"rendered":"Gest\u00e3o de Camala\u00fa entrega kits para mais de 400 m\u00e3es do munic\u00edpio"},"content":{"rendered":"\n<p>O Governo Municipal de Camala\u00fa, atrav\u00e9s da Secretaria de Trabalho e A\u00e7\u00e3o Social, est\u00e1 entregando mais de 400 Kits para as m\u00e3es dos Servi\u00e7os de Conviv\u00eancia: Grupo da Melhor Idade, Gestantes, Programa Crian\u00e7a Feliz, e para as m\u00e3es de crian\u00e7as e jovens que frequentam o antigo PETI e Projovem.<\/p>\n\n\n\n<p><br>A entrega dos kits faz parte das comemora\u00e7\u00f5es alusivas ao Dia das m\u00e3es que aconteceu no \u00faltimo Domingo.<br>Os kits que est\u00e3o sendo entregues s\u00e3o compostos por: um delicioso bolo, uma m\u00e1scara de prote\u00e7\u00e3o, \u00e1lcool em gel e sabonete l\u00edquido.<\/p>\n\n\n\n<p>Com Blog F\u00e1bio Brito<\/p>\n","protected":false},"excerpt":{"rendered":"<p>O Governo Municipal de Camala\u00fa, atrav\u00e9s da Secretaria de Trabalho e A\u00e7\u00e3o Social, est\u00e1 entregando mais de 400 Kits para as m\u00e3es dos Servi\u00e7os de&hellip; <\/p>\n","protected":false},"author":1,"featured_media":169399,"comment_status":"closed","ping_status":"closed","sticky":false,"template":"","format":"standard","meta":{"sfsi_plus_gutenberg_text_before_share":"","sfsi_plus_gutenberg_show_text_before_share":"","sfsi_plus_gutenberg_icon_type":"","sfsi_plus_gutenberg_icon_alignemt":"","sfsi_plus_gutenburg_max_per_row":"","footnotes":""},"categories":[6,50],"tags":[],"class_list":["post-169398","post","type-post","status-publish","format-standard","has-post-thumbnail","hentry","category-cidades","category-destaque"],"_links":{"self":[{"href":"https:\/\/www.caririemacao.com\/1\/wp-json\/wp\/v2\/posts\/169398","targetHints":{"allow":["GET"]}}],"collection":[{"href":"https:\/\/www.caririemacao.com\/1\/wp-json\/wp\/v2\/posts"}],"about":[{"href":"https:\/\/www.caririemacao.com\/1\/wp-json\/wp\/v2\/types\/post"}],"author":[{"embeddable":true,"href":"https:\/\/www.caririemacao.com\/1\/wp-json\/wp\/v2\/users\/1"}],"replies":[{"embeddable":true,"href":"https:\/\/www.caririemacao.com\/1\/wp-json\/wp\/v2\/comments?post=169398"}],"version-history":[{"count":1,"href":"https:\/\/www.caririemacao.com\/1\/wp-json\/wp\/v2\/posts\/169398\/revisions"}],"predecessor-version":[{"id":169400,"href":"https:\/\/www.caririemacao.com\/1\/wp-json\/wp\/v2\/posts\/169398\/revisions\/169400"}],"wp:featuredmedia":[{"embeddable":true,"href":"https:\/\/www.caririemacao.com\/1\/wp-json\/wp\/v2\/media\/169399"}],"wp:attachment":[{"href":"https:\/\/www.caririemacao.com\/1\/wp-json\/wp\/v2\/media?parent=169398"}],"wp:term":[{"taxonomy":"category","embeddable":true,"href":"https:\/\/www.caririemacao.com\/1\/wp-json\/wp\/v2\/categories?post=169398"},{"taxonomy":"post_tag","embeddable":true,"href":"https:\/\/www.caririemacao.com\/1\/wp-json\/wp\/v2\/tags?post=169398"}],"curies":[{"name":"wp","href":"https:\/\/api.w.org\/{rel}","templated":true}]}}