{"id":169401,"date":"2020-05-14T07:59:15","date_gmt":"2020-05-14T10:59:15","guid":{"rendered":"https:\/\/www.caririemacao.com\/1\/?p=169401"},"modified":"2020-05-14T07:59:15","modified_gmt":"2020-05-14T10:59:15","slug":"prefeitura-de-amaparo-emite-nota-de-esclarecimento-sobre-boletim-do-covid-19-no-municipio","status":"publish","type":"post","link":"https:\/\/www.caririemacao.com\/1\/2020\/05\/14\/prefeitura-de-amaparo-emite-nota-de-esclarecimento-sobre-boletim-do-covid-19-no-municipio\/","title":{"rendered":"Prefeitura de Amaparo emite nota de esclarecimento sobre boletim do Covid-19 no munic\u00edpio"},"content":{"rendered":"\n<p><br>A secret\u00e1ria de sa\u00fade Ver\u00f4nica Rafael,<br>vem atrav\u00e9s desta nota, informar algumas poss\u00edveis altera\u00e7\u00f5es no nosso boletim di\u00e1rio do Covid-19. <\/p>\n\n\n\n<p>A secretaria informa a todos que os casos notificados como sintomas gripais, a partir do dia 13\/05 passar\u00e3o a ser notificados como casos em investiga\u00e7\u00e3o. Os mesmos realizar\u00e3o testes r\u00e1pidos no munic\u00edpio para confirma\u00e7\u00e3o ou descarte do caso. <\/p>\n","protected":false},"excerpt":{"rendered":"<p>A secret\u00e1ria de sa\u00fade Ver\u00f4nica Rafael,vem atrav\u00e9s desta nota, informar algumas poss\u00edveis altera\u00e7\u00f5es no nosso boletim di\u00e1rio do Covid-19. A secretaria informa a todos que&hellip; <\/p>\n","protected":false},"author":1,"featured_media":169402,"comment_status":"closed","ping_status":"closed","sticky":false,"template":"","format":"standard","meta":{"sfsi_plus_gutenberg_text_before_share":"","sfsi_plus_gutenberg_show_text_before_share":"","sfsi_plus_gutenberg_icon_type":"","sfsi_plus_gutenberg_icon_alignemt":"","sfsi_plus_gutenburg_max_per_row":"","footnotes":""},"categories":[6],"tags":[],"class_list":["post-169401","post","type-post","status-publish","format-standard","has-post-thumbnail","hentry","category-cidades"],"_links":{"self":[{"href":"https:\/\/www.caririemacao.com\/1\/wp-json\/wp\/v2\/posts\/169401","targetHints":{"allow":["GET"]}}],"collection":[{"href":"https:\/\/www.caririemacao.com\/1\/wp-json\/wp\/v2\/posts"}],"about":[{"href":"https:\/\/www.caririemacao.com\/1\/wp-json\/wp\/v2\/types\/post"}],"author":[{"embeddable":true,"href":"https:\/\/www.caririemacao.com\/1\/wp-json\/wp\/v2\/users\/1"}],"replies":[{"embeddable":true,"href":"https:\/\/www.caririemacao.com\/1\/wp-json\/wp\/v2\/comments?post=169401"}],"version-history":[{"count":1,"href":"https:\/\/www.caririemacao.com\/1\/wp-json\/wp\/v2\/posts\/169401\/revisions"}],"predecessor-version":[{"id":169403,"href":"https:\/\/www.caririemacao.com\/1\/wp-json\/wp\/v2\/posts\/169401\/revisions\/169403"}],"wp:featuredmedia":[{"embeddable":true,"href":"https:\/\/www.caririemacao.com\/1\/wp-json\/wp\/v2\/media\/169402"}],"wp:attachment":[{"href":"https:\/\/www.caririemacao.com\/1\/wp-json\/wp\/v2\/media?parent=169401"}],"wp:term":[{"taxonomy":"category","embeddable":true,"href":"https:\/\/www.caririemacao.com\/1\/wp-json\/wp\/v2\/categories?post=169401"},{"taxonomy":"post_tag","embeddable":true,"href":"https:\/\/www.caririemacao.com\/1\/wp-json\/wp\/v2\/tags?post=169401"}],"curies":[{"name":"wp","href":"https:\/\/api.w.org\/{rel}","templated":true}]}}