{"id":169404,"date":"2020-05-14T08:05:51","date_gmt":"2020-05-14T11:05:51","guid":{"rendered":"https:\/\/www.caririemacao.com\/1\/?p=169404"},"modified":"2020-05-14T08:05:51","modified_gmt":"2020-05-14T11:05:51","slug":"policia-militar-recupera-moto-roubada-no-cariri","status":"publish","type":"post","link":"https:\/\/www.caririemacao.com\/1\/2020\/05\/14\/policia-militar-recupera-moto-roubada-no-cariri\/","title":{"rendered":"Pol\u00edcia Militar recupera moto roubada no Cariri"},"content":{"rendered":"\n<p>Por volta das 11h53m as guarni\u00e7\u00f5es da Pol\u00edcia Militar se deslocaram at\u00e9 a cidade de S\u00e3o Jo\u00e3o do Tigre para averiguar alguns indiv\u00edduos com atitude suspeitas.<\/p>\n\n\n\n<p>Ao chegar no local que fica na zona rural de S\u00e3o Jo\u00e3o Do Tigre, no S\u00edtio Caneca da Ema, na resid\u00eancia denunciada n\u00e3o havia ningu\u00e9m, o local estava abandonado, por\u00e9m foi encontrado uma motocicleta de placa PDS-9070, Bros de cor preta de Jaboat\u00e3o dos Guararapes-PE, que ao fazer uma busca cadastral da moto, constatou-se tratar de uma motocicleta clonada, que a placa original \u00e9 QYE-2209, Honda Bros de cor preta, Pesqueira-PE, com restri\u00e7\u00e3o de roubo\/furto.<\/p>\n\n\n\n<p>A motocicleta foi encaminhada para a Delegacia de Pol\u00edcia Civil de Monteiro.<\/p>\n","protected":false},"excerpt":{"rendered":"<p>Por volta das 11h53m as guarni\u00e7\u00f5es da Pol\u00edcia Militar se deslocaram at\u00e9 a cidade de S\u00e3o Jo\u00e3o do Tigre para averiguar alguns indiv\u00edduos com atitude&hellip; <\/p>\n","protected":false},"author":1,"featured_media":167381,"comment_status":"closed","ping_status":"closed","sticky":false,"template":"","format":"standard","meta":{"sfsi_plus_gutenberg_text_before_share":"","sfsi_plus_gutenberg_show_text_before_share":"","sfsi_plus_gutenberg_icon_type":"","sfsi_plus_gutenberg_icon_alignemt":"","sfsi_plus_gutenburg_max_per_row":"","footnotes":""},"categories":[50,12],"tags":[],"class_list":["post-169404","post","type-post","status-publish","format-standard","has-post-thumbnail","hentry","category-destaque","category-policia"],"_links":{"self":[{"href":"https:\/\/www.caririemacao.com\/1\/wp-json\/wp\/v2\/posts\/169404","targetHints":{"allow":["GET"]}}],"collection":[{"href":"https:\/\/www.caririemacao.com\/1\/wp-json\/wp\/v2\/posts"}],"about":[{"href":"https:\/\/www.caririemacao.com\/1\/wp-json\/wp\/v2\/types\/post"}],"author":[{"embeddable":true,"href":"https:\/\/www.caririemacao.com\/1\/wp-json\/wp\/v2\/users\/1"}],"replies":[{"embeddable":true,"href":"https:\/\/www.caririemacao.com\/1\/wp-json\/wp\/v2\/comments?post=169404"}],"version-history":[{"count":1,"href":"https:\/\/www.caririemacao.com\/1\/wp-json\/wp\/v2\/posts\/169404\/revisions"}],"predecessor-version":[{"id":169405,"href":"https:\/\/www.caririemacao.com\/1\/wp-json\/wp\/v2\/posts\/169404\/revisions\/169405"}],"wp:featuredmedia":[{"embeddable":true,"href":"https:\/\/www.caririemacao.com\/1\/wp-json\/wp\/v2\/media\/167381"}],"wp:attachment":[{"href":"https:\/\/www.caririemacao.com\/1\/wp-json\/wp\/v2\/media?parent=169404"}],"wp:term":[{"taxonomy":"category","embeddable":true,"href":"https:\/\/www.caririemacao.com\/1\/wp-json\/wp\/v2\/categories?post=169404"},{"taxonomy":"post_tag","embeddable":true,"href":"https:\/\/www.caririemacao.com\/1\/wp-json\/wp\/v2\/tags?post=169404"}],"curies":[{"name":"wp","href":"https:\/\/api.w.org\/{rel}","templated":true}]}}