{"id":169406,"date":"2020-05-14T08:09:11","date_gmt":"2020-05-14T11:09:11","guid":{"rendered":"https:\/\/www.caririemacao.com\/1\/?p=169406"},"modified":"2020-05-14T08:09:11","modified_gmt":"2020-05-14T11:09:11","slug":"quartel-do-11o-batalhao-passa-por-desinfeccao-para-evitar-propagacao-do-novo-coronavirus","status":"publish","type":"post","link":"https:\/\/www.caririemacao.com\/1\/2020\/05\/14\/quartel-do-11o-batalhao-passa-por-desinfeccao-para-evitar-propagacao-do-novo-coronavirus\/","title":{"rendered":"Quartel do 11\u00ba Batalh\u00e3o passa por desinfec\u00e7\u00e3o para evitar propaga\u00e7\u00e3o do novo coronav\u00edrus"},"content":{"rendered":"\n<p>Dando sequ\u00eancia \u00e0 \u201copera\u00e7\u00e3o previna-se\u201d Covid-19, o 11\u00b0 Batalh\u00e3o de Pol\u00edcia Militar da Para\u00edba, realizou na tarde na quarta-feira (13), trabalhos de desinfec\u00e7\u00e3o das instala\u00e7\u00f5es e viaturas. A atividade tem por finalidade prevenir os riscos de propaga\u00e7\u00e3o do novo coronav\u00edrus.<\/p>\n\n\n\n<figure class=\"wp-block-image size-large\"><img fetchpriority=\"high\" decoding=\"async\" width=\"768\" height=\"1024\" src=\"https:\/\/www.caririemacao.com\/1\/wp-content\/uploads\/2020\/05\/IMG-20200514-WA0048-768x1024.jpg\" alt=\"\" class=\"wp-image-169408\" srcset=\"https:\/\/www.caririemacao.com\/1\/wp-content\/uploads\/2020\/05\/IMG-20200514-WA0048-768x1024.jpg 768w, https:\/\/www.caririemacao.com\/1\/wp-content\/uploads\/2020\/05\/IMG-20200514-WA0048-225x300.jpg 225w, https:\/\/www.caririemacao.com\/1\/wp-content\/uploads\/2020\/05\/IMG-20200514-WA0048.jpg 774w\" sizes=\"(max-width: 768px) 100vw, 768px\" \/><\/figure>\n\n\n\n<p>A opera\u00e7\u00e3o foi coordenada pelo comandante do 11\u00ba BPM, major Adalireno Samaroni, o qual adotou como procedimento, a nebuliza\u00e7\u00e3o de produtos germicidas espec\u00edficos que conseguem eliminar v\u00edrus, fungos, bact\u00e9rias e \u00e1caros.<\/p>\n\n\n\n<figure class=\"wp-block-image size-large\"><img decoding=\"async\" width=\"1024\" height=\"768\" data-src=\"https:\/\/www.caririemacao.com\/1\/wp-content\/uploads\/2020\/05\/IMG-20200514-WA0049-1024x768.jpg\" alt=\"\" class=\"wp-image-169409 lazyload\" data-srcset=\"https:\/\/www.caririemacao.com\/1\/wp-content\/uploads\/2020\/05\/IMG-20200514-WA0049-1024x768.jpg 1024w, https:\/\/www.caririemacao.com\/1\/wp-content\/uploads\/2020\/05\/IMG-20200514-WA0049-300x225.jpg 300w, https:\/\/www.caririemacao.com\/1\/wp-content\/uploads\/2020\/05\/IMG-20200514-WA0049-768x576.jpg 768w, https:\/\/www.caririemacao.com\/1\/wp-content\/uploads\/2020\/05\/IMG-20200514-WA0049.jpg 1032w\" data-sizes=\"(max-width: 1024px) 100vw, 1024px\" src=\"data:image\/svg+xml;base64,PHN2ZyB3aWR0aD0iMSIgaGVpZ2h0PSIxIiB4bWxucz0iaHR0cDovL3d3dy53My5vcmcvMjAwMC9zdmciPjwvc3ZnPg==\" style=\"--smush-placeholder-width: 1024px; --smush-placeholder-aspect-ratio: 1024\/768;\" \/><\/figure>\n\n\n\n<p>Os militares da \u00e1rea da 14\u00aa \u00c1rea Integrada de Seguran\u00e7a P\u00fablica, est\u00e3o trabalhando arduamente na preven\u00e7\u00e3o de crimes e no combate ao novo coronav\u00edrus na regi\u00e3o do Cariri.<\/p>\n\n\n\n<p><em>P\/5<\/em><br>Se\u00e7\u00e3o de Comunica\u00e7\u00e3o Social e Marketing Institucional &#8211; 11\u00ba BPM<\/p>\n","protected":false},"excerpt":{"rendered":"<p>Dando sequ\u00eancia \u00e0 \u201copera\u00e7\u00e3o previna-se\u201d Covid-19, o 11\u00b0 Batalh\u00e3o de Pol\u00edcia Militar da Para\u00edba, realizou na tarde na quarta-feira (13), trabalhos de desinfec\u00e7\u00e3o das instala\u00e7\u00f5es&hellip; <\/p>\n","protected":false},"author":1,"featured_media":169407,"comment_status":"closed","ping_status":"closed","sticky":false,"template":"","format":"standard","meta":{"sfsi_plus_gutenberg_text_before_share":"","sfsi_plus_gutenberg_show_text_before_share":"","sfsi_plus_gutenberg_icon_type":"","sfsi_plus_gutenberg_icon_alignemt":"","sfsi_plus_gutenburg_max_per_row":"","footnotes":""},"categories":[12,16],"tags":[],"class_list":["post-169406","post","type-post","status-publish","format-standard","has-post-thumbnail","hentry","category-policia","category-saude"],"_links":{"self":[{"href":"https:\/\/www.caririemacao.com\/1\/wp-json\/wp\/v2\/posts\/169406","targetHints":{"allow":["GET"]}}],"collection":[{"href":"https:\/\/www.caririemacao.com\/1\/wp-json\/wp\/v2\/posts"}],"about":[{"href":"https:\/\/www.caririemacao.com\/1\/wp-json\/wp\/v2\/types\/post"}],"author":[{"embeddable":true,"href":"https:\/\/www.caririemacao.com\/1\/wp-json\/wp\/v2\/users\/1"}],"replies":[{"embeddable":true,"href":"https:\/\/www.caririemacao.com\/1\/wp-json\/wp\/v2\/comments?post=169406"}],"version-history":[{"count":1,"href":"https:\/\/www.caririemacao.com\/1\/wp-json\/wp\/v2\/posts\/169406\/revisions"}],"predecessor-version":[{"id":169410,"href":"https:\/\/www.caririemacao.com\/1\/wp-json\/wp\/v2\/posts\/169406\/revisions\/169410"}],"wp:featuredmedia":[{"embeddable":true,"href":"https:\/\/www.caririemacao.com\/1\/wp-json\/wp\/v2\/media\/169407"}],"wp:attachment":[{"href":"https:\/\/www.caririemacao.com\/1\/wp-json\/wp\/v2\/media?parent=169406"}],"wp:term":[{"taxonomy":"category","embeddable":true,"href":"https:\/\/www.caririemacao.com\/1\/wp-json\/wp\/v2\/categories?post=169406"},{"taxonomy":"post_tag","embeddable":true,"href":"https:\/\/www.caririemacao.com\/1\/wp-json\/wp\/v2\/tags?post=169406"}],"curies":[{"name":"wp","href":"https:\/\/api.w.org\/{rel}","templated":true}]}}