{"id":169412,"date":"2020-05-14T08:22:00","date_gmt":"2020-05-14T11:22:00","guid":{"rendered":"https:\/\/www.caririemacao.com\/1\/?p=169412"},"modified":"2020-05-14T08:22:00","modified_gmt":"2020-05-14T11:22:00","slug":"prefeitura-de-sao-jose-dos-cordeiros-inicia-pavimentacao-em-paralelepipedos-de-ruas-no-municipio","status":"publish","type":"post","link":"https:\/\/www.caririemacao.com\/1\/2020\/05\/14\/prefeitura-de-sao-jose-dos-cordeiros-inicia-pavimentacao-em-paralelepipedos-de-ruas-no-municipio\/","title":{"rendered":"Prefeitura de S\u00e3o Jos\u00e9 dos Cordeiros inicia pavimenta\u00e7\u00e3o em paralelep\u00edpedos de ruas no munic\u00edpio"},"content":{"rendered":"\n<p>Mesmo em meio a guerra contra a pandemia do coronav\u00edrus, a Prefeitura de S\u00e3o Jos\u00e9 dos Cordeiros tem imprimido um importante ritmo de a\u00e7\u00f5es e iniciou a pavimenta\u00e7\u00e3o em paralelep\u00edpedos de quatro ruas do Conjunto Fabr\u00edcio Dantas de Almeida.<\/p>\n\n\n\n<figure class=\"wp-block-image size-large\"><img fetchpriority=\"high\" decoding=\"async\" width=\"566\" height=\"427\" src=\"https:\/\/www.caririemacao.com\/1\/wp-content\/uploads\/2020\/05\/prefeiturasaojosedoscordeiros_20200514_5.jpg\" alt=\"\" class=\"wp-image-169416\" srcset=\"https:\/\/www.caririemacao.com\/1\/wp-content\/uploads\/2020\/05\/prefeiturasaojosedoscordeiros_20200514_5.jpg 566w, https:\/\/www.caririemacao.com\/1\/wp-content\/uploads\/2020\/05\/prefeiturasaojosedoscordeiros_20200514_5-300x226.jpg 300w\" sizes=\"(max-width: 566px) 100vw, 566px\" \/><\/figure>\n\n\n\n<p>A obra girar\u00e1 em torno de R$ 120.674,15 com recursos alocados junto ao Tesouro Municipal por meio da Sess\u00e3o Onerosa.<\/p>\n\n\n\n<figure class=\"wp-block-image size-large\"><img decoding=\"async\" width=\"566\" height=\"427\" data-src=\"https:\/\/www.caririemacao.com\/1\/wp-content\/uploads\/2020\/05\/prefeiturasaojosedoscordeiros_20200514_7.jpg\" alt=\"\" class=\"wp-image-169419 lazyload\" data-srcset=\"https:\/\/www.caririemacao.com\/1\/wp-content\/uploads\/2020\/05\/prefeiturasaojosedoscordeiros_20200514_7.jpg 566w, https:\/\/www.caririemacao.com\/1\/wp-content\/uploads\/2020\/05\/prefeiturasaojosedoscordeiros_20200514_7-300x226.jpg 300w\" data-sizes=\"(max-width: 566px) 100vw, 566px\" src=\"data:image\/svg+xml;base64,PHN2ZyB3aWR0aD0iMSIgaGVpZ2h0PSIxIiB4bWxucz0iaHR0cDovL3d3dy53My5vcmcvMjAwMC9zdmciPjwvc3ZnPg==\" style=\"--smush-placeholder-width: 566px; --smush-placeholder-aspect-ratio: 566\/427;\" \/><\/figure>\n\n\n\n<p>O prefeito Jefferson Roberto disse que a terraplanagem das ruas j\u00e1 foi iniciada e muito em breve estar\u00e1 entregando esta importante obra para seus moradores.<br><br>Outra obra que est\u00e1 de vento em poupa \u00e9 a constru\u00e7\u00e3o do a\u00e7ude do Cazuzinha, que recebe investimentos de R$ 2.401.899,05 do Governo Federal, com contrapartida da Prefeitura Municipal de R$ 40 mil, tanto para a elabora\u00e7\u00e3o do projeto de engenharia como desapropria\u00e7\u00e3o da \u00e1rea.<br><br>O a\u00e7ude j\u00e1 est\u00e1 na metade de sua execu\u00e7\u00e3o e est\u00e1 em ritmo forte de conclus\u00e3o. Os recursos est\u00e3o liberados e o prefeito Jefferson Roberto espera em breve est\u00e1 recebendo a obra pronta. O a\u00e7ude ao final ficar\u00e1 com uma capacidade de armazenamento em torno de 1.250.000m\u00b3 de \u00e1gua.<br><\/p>\n","protected":false},"excerpt":{"rendered":"<p>Mesmo em meio a guerra contra a pandemia do coronav\u00edrus, a Prefeitura de S\u00e3o Jos\u00e9 dos Cordeiros tem imprimido um importante ritmo de a\u00e7\u00f5es e&hellip; <\/p>\n","protected":false},"author":1,"featured_media":169414,"comment_status":"closed","ping_status":"closed","sticky":false,"template":"","format":"standard","meta":{"sfsi_plus_gutenberg_text_before_share":"","sfsi_plus_gutenberg_show_text_before_share":"","sfsi_plus_gutenberg_icon_type":"","sfsi_plus_gutenberg_icon_alignemt":"","sfsi_plus_gutenburg_max_per_row":"","footnotes":""},"categories":[6,50],"tags":[],"class_list":["post-169412","post","type-post","status-publish","format-standard","has-post-thumbnail","hentry","category-cidades","category-destaque"],"_links":{"self":[{"href":"https:\/\/www.caririemacao.com\/1\/wp-json\/wp\/v2\/posts\/169412","targetHints":{"allow":["GET"]}}],"collection":[{"href":"https:\/\/www.caririemacao.com\/1\/wp-json\/wp\/v2\/posts"}],"about":[{"href":"https:\/\/www.caririemacao.com\/1\/wp-json\/wp\/v2\/types\/post"}],"author":[{"embeddable":true,"href":"https:\/\/www.caririemacao.com\/1\/wp-json\/wp\/v2\/users\/1"}],"replies":[{"embeddable":true,"href":"https:\/\/www.caririemacao.com\/1\/wp-json\/wp\/v2\/comments?post=169412"}],"version-history":[{"count":1,"href":"https:\/\/www.caririemacao.com\/1\/wp-json\/wp\/v2\/posts\/169412\/revisions"}],"predecessor-version":[{"id":169420,"href":"https:\/\/www.caririemacao.com\/1\/wp-json\/wp\/v2\/posts\/169412\/revisions\/169420"}],"wp:featuredmedia":[{"embeddable":true,"href":"https:\/\/www.caririemacao.com\/1\/wp-json\/wp\/v2\/media\/169414"}],"wp:attachment":[{"href":"https:\/\/www.caririemacao.com\/1\/wp-json\/wp\/v2\/media?parent=169412"}],"wp:term":[{"taxonomy":"category","embeddable":true,"href":"https:\/\/www.caririemacao.com\/1\/wp-json\/wp\/v2\/categories?post=169412"},{"taxonomy":"post_tag","embeddable":true,"href":"https:\/\/www.caririemacao.com\/1\/wp-json\/wp\/v2\/tags?post=169412"}],"curies":[{"name":"wp","href":"https:\/\/api.w.org\/{rel}","templated":true}]}}