{"id":169421,"date":"2020-05-14T08:26:22","date_gmt":"2020-05-14T11:26:22","guid":{"rendered":"https:\/\/www.caririemacao.com\/1\/?p=169421"},"modified":"2020-05-14T08:26:22","modified_gmt":"2020-05-14T11:26:22","slug":"ciro-defende-bolsonaro-na-guerra-com-sergio-moro13","status":"publish","type":"post","link":"https:\/\/www.caririemacao.com\/1\/2020\/05\/14\/ciro-defende-bolsonaro-na-guerra-com-sergio-moro13\/","title":{"rendered":"Ciro defende Bolsonaro na \u2018guerra\u2019 com Sergio Moro13"},"content":{"rendered":"\n<h3 class=\"wp-block-heading\"><\/h3>\n\n\n\n<hr class=\"wp-block-separator\"\/>\n\n\n\n<p>O ex-ministro<a href=\"https:\/\/wscom.com.br\/ciro-gomes-ira-denunciar-bolsonaro-no-tribunal-de-haia\/\" target=\"_blank\" rel=\"noreferrer noopener\"><strong>&nbsp;Ciro Gomes<\/strong><\/a>&nbsp;fez uma defesa de Jair Bolsonaro e criticou S\u00e9rgio Moro ao comentar as recentes declara\u00e7\u00f5es do ex-ministro da Justi\u00e7a sobre conversas particulares com o ocupante do Planalto, em indica\u00e7\u00f5es para cargos de chefia na Pol\u00edcia Federal.<\/p>\n\n\n\n<p>\u201cEu n\u00e3o acho que francamente o Bolsonaro tenha dito ao Moro mais do que \u00e9 razo\u00e1vel um presidente dizer \u2018olha eu estou incomodado, esse neg\u00f3cio desse cara da Pol\u00edcia Federal n\u00e3o est\u00e1 examinando isso, n\u00e3o t\u00e1 examinando aquilo\u2019. Isso da\u00ed, na minha opini\u00e3o, dep\u00f5e contra o Moro, porque o cara ser ministro de um presidente da Rep\u00fablica e devassar conversas que o presidente teve em uma rela\u00e7\u00e3o de confian\u00e7a com ele n\u00e3o \u00e9 demonstra\u00e7\u00e3o de car\u00e1ter\u201d, defende Ciro em entrevista concedida a canal My News.<\/p>\n\n\n\n<p>Ele acrescenta: \u201c[Moro] disse que h\u00e1 lealdades maiores e quem julga essas lealdades? Isso \u00e9 antigo, isso \u00e9 funcional. Qualquer pa\u00eds do mundo que valorize dec\u00eancia, \u00e9tica\u2026 veja, as coisas que eu sei do Lula em confian\u00e7a v\u00e3o morrer comigo\u201d.<\/p>\n\n\n\n<p>A fala de Ciro foi vista com bons olhos pela ala bolsonarista. Em suas redes sociais, o deputado Carlos Jordy (PSL-RJ) compartilhou um trecho da entrevista de Ciro. \u201cInimigos t\u00eam mais honra que traidores\u201d, diz ele.<\/p>\n","protected":false},"excerpt":{"rendered":"<p>O ex-ministro&nbsp;Ciro Gomes&nbsp;fez uma defesa de Jair Bolsonaro e criticou S\u00e9rgio Moro ao comentar as recentes declara\u00e7\u00f5es do ex-ministro da Justi\u00e7a sobre conversas particulares com&hellip; <\/p>\n","protected":false},"author":2,"featured_media":169422,"comment_status":"closed","ping_status":"closed","sticky":false,"template":"","format":"standard","meta":{"sfsi_plus_gutenberg_text_before_share":"","sfsi_plus_gutenberg_show_text_before_share":"","sfsi_plus_gutenberg_icon_type":"","sfsi_plus_gutenberg_icon_alignemt":"","sfsi_plus_gutenburg_max_per_row":"","footnotes":""},"categories":[2],"tags":[],"class_list":["post-169421","post","type-post","status-publish","format-standard","has-post-thumbnail","hentry","category-geral"],"_links":{"self":[{"href":"https:\/\/www.caririemacao.com\/1\/wp-json\/wp\/v2\/posts\/169421","targetHints":{"allow":["GET"]}}],"collection":[{"href":"https:\/\/www.caririemacao.com\/1\/wp-json\/wp\/v2\/posts"}],"about":[{"href":"https:\/\/www.caririemacao.com\/1\/wp-json\/wp\/v2\/types\/post"}],"author":[{"embeddable":true,"href":"https:\/\/www.caririemacao.com\/1\/wp-json\/wp\/v2\/users\/2"}],"replies":[{"embeddable":true,"href":"https:\/\/www.caririemacao.com\/1\/wp-json\/wp\/v2\/comments?post=169421"}],"version-history":[{"count":1,"href":"https:\/\/www.caririemacao.com\/1\/wp-json\/wp\/v2\/posts\/169421\/revisions"}],"predecessor-version":[{"id":169423,"href":"https:\/\/www.caririemacao.com\/1\/wp-json\/wp\/v2\/posts\/169421\/revisions\/169423"}],"wp:featuredmedia":[{"embeddable":true,"href":"https:\/\/www.caririemacao.com\/1\/wp-json\/wp\/v2\/media\/169422"}],"wp:attachment":[{"href":"https:\/\/www.caririemacao.com\/1\/wp-json\/wp\/v2\/media?parent=169421"}],"wp:term":[{"taxonomy":"category","embeddable":true,"href":"https:\/\/www.caririemacao.com\/1\/wp-json\/wp\/v2\/categories?post=169421"},{"taxonomy":"post_tag","embeddable":true,"href":"https:\/\/www.caririemacao.com\/1\/wp-json\/wp\/v2\/tags?post=169421"}],"curies":[{"name":"wp","href":"https:\/\/api.w.org\/{rel}","templated":true}]}}