{"id":169429,"date":"2020-05-14T08:34:04","date_gmt":"2020-05-14T11:34:04","guid":{"rendered":"https:\/\/www.caririemacao.com\/1\/?p=169429"},"modified":"2020-05-14T08:34:04","modified_gmt":"2020-05-14T11:34:04","slug":"com-aumento-acelerado-de-casos-da-covid-19-prefeito-de-juazeirinho-decreta-toque-de-recolher-na-cidade","status":"publish","type":"post","link":"https:\/\/www.caririemacao.com\/1\/2020\/05\/14\/com-aumento-acelerado-de-casos-da-covid-19-prefeito-de-juazeirinho-decreta-toque-de-recolher-na-cidade\/","title":{"rendered":"Com aumento acelerado de casos da Covid-19, prefeito de Juazeirinho decreta toque de recolher na cidade"},"content":{"rendered":"\n<h1 class=\"wp-block-heading\"><\/h1>\n\n\n\n<p> A cidade de Juazeirinho, no Serid\u00f3 Paraibano, registrou nesta quarta-feira (13) a marca de 14 casos confirmados da Covid-19, todos contaminados ao longo da \u00faltima semana. Juazeirinho j\u00e1 se aproxima de Tapero\u00e1, cidade pr\u00f3xima localizada na regi\u00e3o do Cariri, que possui 19 casos confirmados, mas mostra certa estabiliza\u00e7\u00e3o de novos infectados.<\/p>\n\n\n\n<p>Preocupado com o avan\u00e7o do coronav\u00edrus na cidade, o prefeito, Bevilacqua Matias (Avante), baixou um novo decreto, no qual endurece as medidas restritivas de funcionamento do com\u00e9rcio e da circula\u00e7\u00e3o de pessoas.<\/p>\n\n\n\n<p>No documento, o prefeito decretou \u201ctoque de recolher\u201d em Juazeirinho a partir das 20 horas, estendendo-se at\u00e9 \u00e0s 05 da manh\u00e3 do dia seguinte. Pelo decreto, fica terminantemente proibido a circula\u00e7\u00e3o de pessoas nas vias p\u00fablicas, exceto quando comprovadamente necess\u00e1rio, para acesso aos servi\u00e7os essenciais ou sua presta\u00e7\u00e3o. A fiscaliza\u00e7\u00e3o ficar\u00e1 a cargo da Pol\u00edcia Militar, Agentes das Vigil\u00e2ncias Sanit\u00e1ria e Epidemiol\u00f3gica, bem como os Fiscais da Secretaria de Desenvolvimento Econ\u00f4mico e Turismo e os Bombeiros Civis.<\/p>\n\n\n\n<p>Al\u00e9m disso, o com\u00e9rcio s\u00f3 poder\u00e1 funcionar entre 7 e 15 horas e apenas para servi\u00e7os considerados essenciais. Os demais podem funcionar apenas com entrega \u00e0 domic\u00edlio ou no balc\u00e3o.<\/p>\n\n\n\n<p>Farm\u00e1cias est\u00e3o autorizados a funcionar das 6 \u00e0s 20 horas ao passo que os postos de combust\u00edvel poder\u00e3o operar 24 horas por dia.<\/p>\n\n\n\n<p>Bevilacqua refor\u00e7a a import\u00e2ncia do isolamento social como \u00fanica forma eficaz de preven\u00e7\u00e3o e combate ao novo Coronav\u00edrus. O gestor lembra que todos os pa\u00edses da Europa e outros continentes que conseguiram vencer a curva ascendente de contamina\u00e7\u00e3o por Covid-19, foram atrav\u00e9s do isolamento social.<\/p>\n\n\n\n<p><strong>De Olho no Cariri<\/strong><\/p>\n","protected":false},"excerpt":{"rendered":"<p>A cidade de Juazeirinho, no Serid\u00f3 Paraibano, registrou nesta quarta-feira (13) a marca de 14 casos confirmados da Covid-19, todos contaminados ao longo da \u00faltima&hellip; <\/p>\n","protected":false},"author":2,"featured_media":169430,"comment_status":"closed","ping_status":"closed","sticky":false,"template":"","format":"standard","meta":{"sfsi_plus_gutenberg_text_before_share":"","sfsi_plus_gutenberg_show_text_before_share":"","sfsi_plus_gutenberg_icon_type":"","sfsi_plus_gutenberg_icon_alignemt":"","sfsi_plus_gutenburg_max_per_row":"","footnotes":""},"categories":[2],"tags":[],"class_list":["post-169429","post","type-post","status-publish","format-standard","has-post-thumbnail","hentry","category-geral"],"_links":{"self":[{"href":"https:\/\/www.caririemacao.com\/1\/wp-json\/wp\/v2\/posts\/169429","targetHints":{"allow":["GET"]}}],"collection":[{"href":"https:\/\/www.caririemacao.com\/1\/wp-json\/wp\/v2\/posts"}],"about":[{"href":"https:\/\/www.caririemacao.com\/1\/wp-json\/wp\/v2\/types\/post"}],"author":[{"embeddable":true,"href":"https:\/\/www.caririemacao.com\/1\/wp-json\/wp\/v2\/users\/2"}],"replies":[{"embeddable":true,"href":"https:\/\/www.caririemacao.com\/1\/wp-json\/wp\/v2\/comments?post=169429"}],"version-history":[{"count":1,"href":"https:\/\/www.caririemacao.com\/1\/wp-json\/wp\/v2\/posts\/169429\/revisions"}],"predecessor-version":[{"id":169431,"href":"https:\/\/www.caririemacao.com\/1\/wp-json\/wp\/v2\/posts\/169429\/revisions\/169431"}],"wp:featuredmedia":[{"embeddable":true,"href":"https:\/\/www.caririemacao.com\/1\/wp-json\/wp\/v2\/media\/169430"}],"wp:attachment":[{"href":"https:\/\/www.caririemacao.com\/1\/wp-json\/wp\/v2\/media?parent=169429"}],"wp:term":[{"taxonomy":"category","embeddable":true,"href":"https:\/\/www.caririemacao.com\/1\/wp-json\/wp\/v2\/categories?post=169429"},{"taxonomy":"post_tag","embeddable":true,"href":"https:\/\/www.caririemacao.com\/1\/wp-json\/wp\/v2\/tags?post=169429"}],"curies":[{"name":"wp","href":"https:\/\/api.w.org\/{rel}","templated":true}]}}