{"id":16943,"date":"2017-03-31T18:19:36","date_gmt":"2017-03-31T21:19:36","guid":{"rendered":"http:\/\/caririemacao.com\/1\/?p=16943"},"modified":"2017-03-31T18:19:36","modified_gmt":"2017-03-31T21:19:36","slug":"eita-renan-antecipa-tendencia-de-alianca-com-lula","status":"publish","type":"post","link":"https:\/\/www.caririemacao.com\/1\/2017\/03\/31\/eita-renan-antecipa-tendencia-de-alianca-com-lula\/","title":{"rendered":"Eita: Renan antecipa tend\u00eancia de alian\u00e7a com Lula"},"content":{"rendered":"<p>Estar ao lado de Michel Temer \u00e9 um p\u00e9ssimo neg\u00f3cio para todos os pol\u00edticos que precisarem se reeleger em 2018. Como revelou a pesquisa Ipsos, para 90% dos brasileiros, o Brasil segue no rumo errado, com Temer na presid\u00eancia.<\/p>\n<p>Coincid\u00eancia ou n\u00e3o, na noite de ontem, o senador Renan Calheiros (PMDB-AL) publicou um v\u00eddeo, em que critica a terceiriza\u00e7\u00e3o e o aumento de impostos sobre a folha de pagamento, em que praticamente rompe com o projeto golpista.<\/p>\n<p>Mais do que simplesmente romper com Temer, Renan j\u00e1 negocia uma alian\u00e7a com o ex-presidente Luiz In\u00e1cio Lula da Silva, que lidera todos os cen\u00e1rios sobre sucess\u00e3o presidencial.<\/p>\n<p>Ou seja, ele antecipa uma tend\u00eancia, que ser\u00e1 seguida por v\u00e1rios pol\u00edticos que hoje integram a base de Temer.<\/p>\n<p>Essa alian\u00e7a foi retratada numa reportagem de Vandson Lima e F\u00e1bio Murakawa, do Valor.<\/p>\n<p>&#8220;N\u00e3o \u00e9 por cargos e nem por discord\u00e2ncias sobre terceiriza\u00e7\u00e3o ou mudan\u00e7as na aposentadoria que o l\u00edder do PMDB no Senado, Renan Calheiros (AL), tem se tornado cada vez mais cr\u00edtico ao governo do presidente Michel Temer. Pragm\u00e1tico, \u00e0s voltas com a Opera\u00e7\u00e3o Lava-Jato e preocupado com a reelei\u00e7\u00e3o do filho no comando de Alagoas, Renan resolveu iniciar um movimento de desembarque da base aliada para apostar suas fichas em uma alian\u00e7a com o ex-presidente Luiz In\u00e1cio Lula da Silva em 2018&#8221;, dizem os jornalistas (leia aqui).<\/p>\n<p>&#8220;Renan, que nunca cortou la\u00e7os com Lula, aposta que a economia n\u00e3o dar\u00e1 sinais robustos de recupera\u00e7\u00e3o at\u00e9 2018 e que as reformas v\u00e3o minar a popularidade de seus defensores.&#8221;<\/p>\n<p>Em outras palavras, associar-se ao golpe ser\u00e1 suic\u00eddio pol\u00edtico.<\/p>\n<p class=\"autor-not\"><strong><span style=\"font-family: 'Georgia','serif'; color: #333333;\">CARIRI EM A\u00c7\u00c3O<\/span><\/strong><\/p>\n<p style=\"background: white;\"><span style=\"font-family: 'Georgia','serif'; color: #333333;\">Com Brasil 247 \/Foto:Reprodu\u00e7\u00e3o\u00a0<\/span><\/p>\n<p style=\"background: white;\"><strong><span style=\"font-family: 'Georgia','serif'; color: #333333;\">Leia mais not\u00edcias em\u00a0<\/span><\/strong><a href=\"http:\/\/www.caririemacao.com\/\"><b><span style=\"font-family: 'Georgia','serif';\">caririemacao.com<\/span><\/b><\/a><strong><span style=\"font-family: 'Georgia','serif'; color: #333333;\">, siga nossa p\u00e1gina no<\/span><\/strong><a href=\"https:\/\/www.facebook.com\/CaririEmAcao\/\"><b><span style=\"font-family: 'Georgia','serif';\">\u00a0Facebook<\/span><\/b><\/a><strong><span style=\"font-family: 'Georgia','serif'; color: #333333;\">\u00a0e\u00a0<a href=\"https:\/\/www.instagram.com\/cariri_em_acao\/?hl=pt-br\">Instagram<\/a>\u00a0veja nossas mat\u00e9rias e fotos. Voc\u00ea tamb\u00e9m pode enviar informa\u00e7\u00f5es \u00e0 Reda\u00e7\u00e3o do Portal Cariri em A\u00e7\u00e3o pelo WhatsApp (83) 9 9634.5791, (83) 9 9601-1162 ou (83) 9 994189.<\/span><\/strong><\/p>\n","protected":false},"excerpt":{"rendered":"<p>Estar ao lado de Michel Temer \u00e9 um p\u00e9ssimo neg\u00f3cio para todos os pol\u00edticos que precisarem se reeleger em 2018. Como revelou a pesquisa Ipsos,&hellip; <\/p>\n","protected":false},"author":2,"featured_media":16944,"comment_status":"closed","ping_status":"closed","sticky":false,"template":"","format":"standard","meta":{"sfsi_plus_gutenberg_text_before_share":"","sfsi_plus_gutenberg_show_text_before_share":"","sfsi_plus_gutenberg_icon_type":"","sfsi_plus_gutenberg_icon_alignemt":"","sfsi_plus_gutenburg_max_per_row":"","footnotes":""},"categories":[11],"tags":[],"class_list":["post-16943","post","type-post","status-publish","format-standard","has-post-thumbnail","hentry","category-politica"],"_links":{"self":[{"href":"https:\/\/www.caririemacao.com\/1\/wp-json\/wp\/v2\/posts\/16943","targetHints":{"allow":["GET"]}}],"collection":[{"href":"https:\/\/www.caririemacao.com\/1\/wp-json\/wp\/v2\/posts"}],"about":[{"href":"https:\/\/www.caririemacao.com\/1\/wp-json\/wp\/v2\/types\/post"}],"author":[{"embeddable":true,"href":"https:\/\/www.caririemacao.com\/1\/wp-json\/wp\/v2\/users\/2"}],"replies":[{"embeddable":true,"href":"https:\/\/www.caririemacao.com\/1\/wp-json\/wp\/v2\/comments?post=16943"}],"version-history":[{"count":0,"href":"https:\/\/www.caririemacao.com\/1\/wp-json\/wp\/v2\/posts\/16943\/revisions"}],"wp:featuredmedia":[{"embeddable":true,"href":"https:\/\/www.caririemacao.com\/1\/wp-json\/wp\/v2\/media\/16944"}],"wp:attachment":[{"href":"https:\/\/www.caririemacao.com\/1\/wp-json\/wp\/v2\/media?parent=16943"}],"wp:term":[{"taxonomy":"category","embeddable":true,"href":"https:\/\/www.caririemacao.com\/1\/wp-json\/wp\/v2\/categories?post=16943"},{"taxonomy":"post_tag","embeddable":true,"href":"https:\/\/www.caririemacao.com\/1\/wp-json\/wp\/v2\/tags?post=16943"}],"curies":[{"name":"wp","href":"https:\/\/api.w.org\/{rel}","templated":true}]}}