{"id":169433,"date":"2020-05-14T08:39:39","date_gmt":"2020-05-14T11:39:39","guid":{"rendered":"https:\/\/www.caririemacao.com\/1\/?p=169433"},"modified":"2020-05-14T08:39:39","modified_gmt":"2020-05-14T11:39:39","slug":"prefeito-de-sume-destaca-construcao-de-escola-com-investimentos-de-mais-de-r-1-milhao-de-reais","status":"publish","type":"post","link":"https:\/\/www.caririemacao.com\/1\/2020\/05\/14\/prefeito-de-sume-destaca-construcao-de-escola-com-investimentos-de-mais-de-r-1-milhao-de-reais\/","title":{"rendered":"Prefeito de Sum\u00e9 destaca constru\u00e7\u00e3o de escola com investimentos de mais de R$ 1 milh\u00e3o de reais"},"content":{"rendered":"\n<h1 class=\"wp-block-heading\"><\/h1>\n\n\n\n<p>O prefeito de Sum\u00e9, \u00c9den Duarte, destacou nas redes sociais a constru\u00e7\u00e3o de uma nova escola, que ser\u00e1 constru\u00edda na Rua Professora Guiomar Coelho, antigo Parque Escolar.<\/p>\n\n\n\n<p>A escola contar\u00e1 com \u00e1rea de 1.129,64 m\u00b2, seis salas de aula, capacidade de atendimento de at\u00e9 360 alunos \u2013 180 em dois turnos (matutino e vespertino), biblioteca, sala de inform\u00e1tica, p\u00e1tio coberto, cozinha, dispensa, dep\u00f3sito, vesti\u00e1rio, \u00e1rea de servi\u00e7o, \u00e1rea de servi\u00e7o externa, jardim, sistema de g\u00e1s embutido, vaga para carga e descarga de material, sala para diretoria com arquivo e sanit\u00e1rio, sala para secretaria, almoxarifado e sala de professores.<\/p>\n\n\n\n<p>O valor estimado da obra \u00e9 R$ 1.150.770,06, atrav\u00e9s de emenda do deputado federal Wellington Roberto.<\/p>\n\n\n\n<p><em><strong>Not\u00edcias em Destaque<\/strong><\/em><\/p>\n","protected":false},"excerpt":{"rendered":"<p>O prefeito de Sum\u00e9, \u00c9den Duarte, destacou nas redes sociais a constru\u00e7\u00e3o de uma nova escola, que ser\u00e1 constru\u00edda na Rua Professora Guiomar Coelho, antigo&hellip; <\/p>\n","protected":false},"author":2,"featured_media":169434,"comment_status":"closed","ping_status":"closed","sticky":false,"template":"","format":"standard","meta":{"sfsi_plus_gutenberg_text_before_share":"","sfsi_plus_gutenberg_show_text_before_share":"","sfsi_plus_gutenberg_icon_type":"","sfsi_plus_gutenberg_icon_alignemt":"","sfsi_plus_gutenburg_max_per_row":"","footnotes":""},"categories":[2],"tags":[],"class_list":["post-169433","post","type-post","status-publish","format-standard","has-post-thumbnail","hentry","category-geral"],"_links":{"self":[{"href":"https:\/\/www.caririemacao.com\/1\/wp-json\/wp\/v2\/posts\/169433","targetHints":{"allow":["GET"]}}],"collection":[{"href":"https:\/\/www.caririemacao.com\/1\/wp-json\/wp\/v2\/posts"}],"about":[{"href":"https:\/\/www.caririemacao.com\/1\/wp-json\/wp\/v2\/types\/post"}],"author":[{"embeddable":true,"href":"https:\/\/www.caririemacao.com\/1\/wp-json\/wp\/v2\/users\/2"}],"replies":[{"embeddable":true,"href":"https:\/\/www.caririemacao.com\/1\/wp-json\/wp\/v2\/comments?post=169433"}],"version-history":[{"count":1,"href":"https:\/\/www.caririemacao.com\/1\/wp-json\/wp\/v2\/posts\/169433\/revisions"}],"predecessor-version":[{"id":169435,"href":"https:\/\/www.caririemacao.com\/1\/wp-json\/wp\/v2\/posts\/169433\/revisions\/169435"}],"wp:featuredmedia":[{"embeddable":true,"href":"https:\/\/www.caririemacao.com\/1\/wp-json\/wp\/v2\/media\/169434"}],"wp:attachment":[{"href":"https:\/\/www.caririemacao.com\/1\/wp-json\/wp\/v2\/media?parent=169433"}],"wp:term":[{"taxonomy":"category","embeddable":true,"href":"https:\/\/www.caririemacao.com\/1\/wp-json\/wp\/v2\/categories?post=169433"},{"taxonomy":"post_tag","embeddable":true,"href":"https:\/\/www.caririemacao.com\/1\/wp-json\/wp\/v2\/tags?post=169433"}],"curies":[{"name":"wp","href":"https:\/\/api.w.org\/{rel}","templated":true}]}}