{"id":169439,"date":"2020-05-14T09:11:26","date_gmt":"2020-05-14T12:11:26","guid":{"rendered":"https:\/\/www.caririemacao.com\/1\/?p=169439"},"modified":"2020-05-14T09:11:26","modified_gmt":"2020-05-14T12:11:26","slug":"familia-abre-caixao-em-velorio-e-cinco-sao-contaminados-por-covid-19","status":"publish","type":"post","link":"https:\/\/www.caririemacao.com\/1\/2020\/05\/14\/familia-abre-caixao-em-velorio-e-cinco-sao-contaminados-por-covid-19\/","title":{"rendered":"Fam\u00edlia abre caix\u00e3o em vel\u00f3rio e cinco s\u00e3o contaminados por Covid-19"},"content":{"rendered":"\n<h1 class=\"wp-block-heading\"><\/h1>\n\n\n\n<p>A fam\u00edlia de uma v\u00edtima de Covid-19 abriu o caix\u00e3o durante o vel\u00f3rio na cidade de Cairu, baixo-sul da Bahia, contaminando outras cinco pessoas.<\/p>\n\n\n\n<p>A morte foi registrada na \u00faltima quinta-feira (7) por s\u00edndrome respirat\u00f3ria aguda grave na Santa Casa de Valen\u00e7a, hospital do munic\u00edpio vizinho. Como havia suspeita de Covid-19, o caix\u00e3o saiu lacrado da unidade hospitalar.<\/p>\n\n\n\n<p>A fam\u00edlia, contudo, resolveu abrir o caix\u00e3o durante o vel\u00f3rio, mesmo com recomenda\u00e7\u00f5es contr\u00e1rias da secretaria municipal de Sa\u00fade de Cairu.<br>Na segunda-feira (12), saiu o resultado do exame feito pelo Laborat\u00f3rio Central da Bahia que confirmou que a v\u00edtima tinha sido contaminada pela Covid-19.<\/p>\n\n\n\n<p>Diante da confirma\u00e7\u00e3o, a prefeitura decidiu realizar testes r\u00e1pidos em todas 12 pessoas que participaram do vel\u00f3rio.<\/p>\n\n\n\n<p>Mas encontrou resist\u00eancia em parte da fam\u00edlia, que n\u00e3o aceitava o diagn\u00f3stico de Covid-19 da v\u00edtima. At\u00e9 ent\u00e3o, a cidade n\u00e3o havia registrado casos de infectados pelo novo coronav\u00edrus.<\/p>\n\n\n\n<p>Ap\u00f3s convencer os familiares, a prefeitura realizou os testes em 12 pessoas e identificou que cinco delas estavam com Covid-19.<\/p>\n\n\n\n<p>Em nota, a Prefeitura de Cairu informou que a fam\u00edlia da v\u00edtima recebeu \u201ctodas as informa\u00e7\u00f5es para realiza\u00e7\u00e3o do sepultamento seguro, bem como das normas sanit\u00e1rias indicadas pelos \u00f3rg\u00e3os respons\u00e1veis\u201d. Tamb\u00e9m informou que est\u00e1 monitorando as pessoas pr\u00f3ximas \u00e0 v\u00edtima.<\/p>\n\n\n\n<p>\u201cEnfermeiros, t\u00e9cnicos de sa\u00fade, psic\u00f3logos e assistente social da rede municipal de sa\u00fade est\u00e3o oferecendo todo apoio \u00e0 fam\u00edlia e amigos da v\u00edtima. A Secretaria de Sa\u00fade lamenta pelo falecimento e deseja conforto aos familiares neste momento dif\u00edcil\u201d, disse.<\/p>\n","protected":false},"excerpt":{"rendered":"<p>A fam\u00edlia de uma v\u00edtima de Covid-19 abriu o caix\u00e3o durante o vel\u00f3rio na cidade de Cairu, baixo-sul da Bahia, contaminando outras cinco pessoas. A&hellip; <\/p>\n","protected":false},"author":2,"featured_media":169440,"comment_status":"closed","ping_status":"closed","sticky":false,"template":"","format":"standard","meta":{"sfsi_plus_gutenberg_text_before_share":"","sfsi_plus_gutenberg_show_text_before_share":"","sfsi_plus_gutenberg_icon_type":"","sfsi_plus_gutenberg_icon_alignemt":"","sfsi_plus_gutenburg_max_per_row":"","footnotes":""},"categories":[2],"tags":[],"class_list":["post-169439","post","type-post","status-publish","format-standard","has-post-thumbnail","hentry","category-geral"],"_links":{"self":[{"href":"https:\/\/www.caririemacao.com\/1\/wp-json\/wp\/v2\/posts\/169439","targetHints":{"allow":["GET"]}}],"collection":[{"href":"https:\/\/www.caririemacao.com\/1\/wp-json\/wp\/v2\/posts"}],"about":[{"href":"https:\/\/www.caririemacao.com\/1\/wp-json\/wp\/v2\/types\/post"}],"author":[{"embeddable":true,"href":"https:\/\/www.caririemacao.com\/1\/wp-json\/wp\/v2\/users\/2"}],"replies":[{"embeddable":true,"href":"https:\/\/www.caririemacao.com\/1\/wp-json\/wp\/v2\/comments?post=169439"}],"version-history":[{"count":1,"href":"https:\/\/www.caririemacao.com\/1\/wp-json\/wp\/v2\/posts\/169439\/revisions"}],"predecessor-version":[{"id":169441,"href":"https:\/\/www.caririemacao.com\/1\/wp-json\/wp\/v2\/posts\/169439\/revisions\/169441"}],"wp:featuredmedia":[{"embeddable":true,"href":"https:\/\/www.caririemacao.com\/1\/wp-json\/wp\/v2\/media\/169440"}],"wp:attachment":[{"href":"https:\/\/www.caririemacao.com\/1\/wp-json\/wp\/v2\/media?parent=169439"}],"wp:term":[{"taxonomy":"category","embeddable":true,"href":"https:\/\/www.caririemacao.com\/1\/wp-json\/wp\/v2\/categories?post=169439"},{"taxonomy":"post_tag","embeddable":true,"href":"https:\/\/www.caririemacao.com\/1\/wp-json\/wp\/v2\/tags?post=169439"}],"curies":[{"name":"wp","href":"https:\/\/api.w.org\/{rel}","templated":true}]}}