{"id":169443,"date":"2020-05-14T09:14:44","date_gmt":"2020-05-14T12:14:44","guid":{"rendered":"https:\/\/www.caririemacao.com\/1\/?p=169443"},"modified":"2020-05-14T09:14:44","modified_gmt":"2020-05-14T12:14:44","slug":"prefeitura-de-campina-grande-passa-a-usar-cloroquina-em-pacientes-com-estagio-inicial-da-covid-19","status":"publish","type":"post","link":"https:\/\/www.caririemacao.com\/1\/2020\/05\/14\/prefeitura-de-campina-grande-passa-a-usar-cloroquina-em-pacientes-com-estagio-inicial-da-covid-19\/","title":{"rendered":"Prefeitura de Campina Grande passa a usar cloroquina em pacientes com est\u00e1gio inicial da Covid-19"},"content":{"rendered":"\n<h1 class=\"wp-block-heading\"><\/h1>\n\n\n\n<p> O secret\u00e1rio Filipe Reul, da Sa\u00fade Municipal de Campina Grande em uma \u00a0recente reuni\u00e3o\u00a0 com o prefeito Romero Rodrigues, decidiu adotar um novo protocolo que prev\u00ea a prescri\u00e7\u00e3o da Hidroxicloroquina em pacientes com est\u00e1gio inicial do novo coronav\u00edrus. O medicamento \u00e9 defendido pelo presidente Jair Bolsonaro como uma das formas de tratamento da doen\u00e7a.<\/p>\n\n\n\n<p>\u201cTrata-se de um protocolo que tem apresentado resultados positivos em estados como Par\u00e1, Maranh\u00e3o e Piau\u00ed, com not\u00e1veis vantagens para os pacientes e tamb\u00e9m por diminuir o risco de colapso ao nosso sistema de Sa\u00fade\u201d, afirma Romero Rodrigues.<\/p>\n\n\n\n<p>O secret\u00e1rio Filipe Reul exp\u00f5e a estrat\u00e9gia em Campina Grande. \u201cAs pessoas com sintomas do coronav\u00edrus que procurarem a UPA do Alto Branco \u2013 a porta de entrada do sistema na cidade \u2013 passar\u00e3o a ser tratadas, nessa fase inicial, com um coquetel de medicamentos que inclui a Hidroxicloroquina\u201d. Mesmo seguindo para o pr\u00f3ximo est\u00e1gio no fluxo de atendimento \u2013 o Hospital Pedro I, no bairro de S\u00e3o Jos\u00e9 -, o paciente continuar\u00e1 a ser medicado com o coquetel, sendo liberado para casa sob monitoramento da equipe da Sa\u00fade Municipal.<\/p>\n\n\n\n<p>De acordo com Filipe Reul, a vantagem imediata \u00e9 que, por esse novo protocolo, o paciente acelera a cura e n\u00e3o ocupar\u00e1 por tempo demasiado os leitos de interna\u00e7\u00e3o, numa bem vinda rotatividade neste momento de pandemia.<\/p>\n\n\n\n<p><\/p>\n","protected":false},"excerpt":{"rendered":"<p>O secret\u00e1rio Filipe Reul, da Sa\u00fade Municipal de Campina Grande em uma \u00a0recente reuni\u00e3o\u00a0 com o prefeito Romero Rodrigues, decidiu adotar um novo protocolo que&hellip; <\/p>\n","protected":false},"author":2,"featured_media":169444,"comment_status":"closed","ping_status":"closed","sticky":false,"template":"","format":"standard","meta":{"sfsi_plus_gutenberg_text_before_share":"","sfsi_plus_gutenberg_show_text_before_share":"","sfsi_plus_gutenberg_icon_type":"","sfsi_plus_gutenberg_icon_alignemt":"","sfsi_plus_gutenburg_max_per_row":"","footnotes":""},"categories":[2],"tags":[],"class_list":["post-169443","post","type-post","status-publish","format-standard","has-post-thumbnail","hentry","category-geral"],"_links":{"self":[{"href":"https:\/\/www.caririemacao.com\/1\/wp-json\/wp\/v2\/posts\/169443","targetHints":{"allow":["GET"]}}],"collection":[{"href":"https:\/\/www.caririemacao.com\/1\/wp-json\/wp\/v2\/posts"}],"about":[{"href":"https:\/\/www.caririemacao.com\/1\/wp-json\/wp\/v2\/types\/post"}],"author":[{"embeddable":true,"href":"https:\/\/www.caririemacao.com\/1\/wp-json\/wp\/v2\/users\/2"}],"replies":[{"embeddable":true,"href":"https:\/\/www.caririemacao.com\/1\/wp-json\/wp\/v2\/comments?post=169443"}],"version-history":[{"count":1,"href":"https:\/\/www.caririemacao.com\/1\/wp-json\/wp\/v2\/posts\/169443\/revisions"}],"predecessor-version":[{"id":169445,"href":"https:\/\/www.caririemacao.com\/1\/wp-json\/wp\/v2\/posts\/169443\/revisions\/169445"}],"wp:featuredmedia":[{"embeddable":true,"href":"https:\/\/www.caririemacao.com\/1\/wp-json\/wp\/v2\/media\/169444"}],"wp:attachment":[{"href":"https:\/\/www.caririemacao.com\/1\/wp-json\/wp\/v2\/media?parent=169443"}],"wp:term":[{"taxonomy":"category","embeddable":true,"href":"https:\/\/www.caririemacao.com\/1\/wp-json\/wp\/v2\/categories?post=169443"},{"taxonomy":"post_tag","embeddable":true,"href":"https:\/\/www.caririemacao.com\/1\/wp-json\/wp\/v2\/tags?post=169443"}],"curies":[{"name":"wp","href":"https:\/\/api.w.org\/{rel}","templated":true}]}}