{"id":169448,"date":"2020-05-14T10:02:04","date_gmt":"2020-05-14T13:02:04","guid":{"rendered":"https:\/\/www.caririemacao.com\/1\/?p=169448"},"modified":"2020-05-14T10:02:04","modified_gmt":"2020-05-14T13:02:04","slug":"pedido-de-suspensao-de-prazos-para-eleicoes-municipais-2020-esta-na-pauta-desta-quinta-feira-14","status":"publish","type":"post","link":"https:\/\/www.caririemacao.com\/1\/2020\/05\/14\/pedido-de-suspensao-de-prazos-para-eleicoes-municipais-2020-esta-na-pauta-desta-quinta-feira-14\/","title":{"rendered":"Pedido de suspens\u00e3o de prazos para elei\u00e7\u00f5es municipais 2020 est\u00e1 na pauta desta quinta-feira (14)"},"content":{"rendered":"\n<p>A pauta do Supremo Tribunal Federal desta quinta-feira (14) tem apenas uma a\u00e7\u00e3o, que recebeu prioridade no julgamento por tratar do calend\u00e1rio eleitoral, com pedido de suspens\u00e3o por 30 dias dos prazos de filia\u00e7\u00e3o partid\u00e1ria, domic\u00edlio eleitoral e desincompatibiliza\u00e7\u00e3o para as elei\u00e7\u00f5es municipais de outubro deste ano. O pedido \u00e9 objeto da A\u00e7\u00e3o Direta de Inconstitucionalidade (ADI) 6359, ajuizada pelo partido Progressistas (PP).<\/p>\n\n\n\n<p>Diante da situa\u00e7\u00e3o de calamidade p\u00fablica decretada em fun\u00e7\u00e3o da pandemia da Covid-19, a legenda pede a flexibiliza\u00e7\u00e3o dos prazos eleitorais, que venceram no \u00faltimo dia 4 de abril. Para a agremia\u00e7\u00e3o, a manuten\u00e7\u00e3o do prazo impede que muitos brasileiros possam satisfazer essa condi\u00e7\u00e3o de elegibilidade, em clara viola\u00e7\u00e3o aos princ\u00edpios democr\u00e1tico e da soberania popular.<\/p>\n\n\n\n<p>A ministra Rosa Weber (relatora)&nbsp;indeferiu a medida liminar&nbsp;e manteve a vig\u00eancia dos prazos eleitorais. Para a relatora, a altera\u00e7\u00e3o nos prazos incrementaria de modo desproporcional o risco para a normalidade e a legitimidade das elei\u00e7\u00f5es, o que poderia comprometer o princ\u00edpio democr\u00e1tico e a soberania popular. Como o prazo venceu, o PP apresentou nova peti\u00e7\u00e3o, reiterando o pedido.<\/p>\n\n\n\n<p>O julgamentos s\u00e3o transmitidos em tempo real pela TV Justi\u00e7a, pela R\u00e1dio Justi\u00e7a e pelo canal do STF no YouTube.<\/p>\n\n\n\n<p><strong>Confira, abaixo, o resumo da a\u00e7\u00e3o pautada para esta quinta-feira.<\/strong><\/p>\n\n\n\n<p><strong>A\u00e7\u00e3o Direta de Inconstitucionalidade 6359<\/strong>\u00a0&#8211; Referendo na medida cautelar<\/p>\n\n\n\n<p><strong>Relatora:<\/strong> ministra Rosa Weber<\/p>\n\n\n\n<p><strong><u>Progressistas (PP) x Presidente da Rep\u00fablica e Congresso Nacional<\/u><\/strong><\/p>\n\n\n\n<p>O partido pede a declara\u00e7\u00e3o da inconstitucionalidade de diversos dispositivos da Lei Eleitoral (Lei 9.504\/1997), da Lei das Inelegibilidades (LC 64\/1990) e de parte de resolu\u00e7\u00f5es do Tribunal Superior Eleitoral (Resolu\u00e7\u00e3o 23.609\/2019, que disp\u00f5e sobre o registro de candidatura, e Resolu\u00e7\u00e3o 23.606\/2019, que trata do Calend\u00e1rio para as Elei\u00e7\u00f5es de 2020). O PP sustenta que potenciais impactos nas elei\u00e7\u00f5es de 2020 decorrentes da continuidade do cen\u00e1rio de calamidade ocasionado pela pandemia da Covid-19 poder\u00e3o inviabilizar o cumprimento dos prazos de filia\u00e7\u00e3o partid\u00e1ria, domic\u00edlio eleitoral e desincompatibiliza\u00e7\u00e3o.<\/p>\n\n\n\n<p>Em 2\/4, a ministra Rosa Weber indeferiu o pedido de medida liminar, e a decis\u00e3o passa agora por referendo do Plen\u00e1rio.<\/p>\n\n\n\n<p>O PP apresentou nova peti\u00e7\u00e3o, em raz\u00e3o do transcurso do tempo e da n\u00e3o suspens\u00e3o do prazo, em que requer a atualiza\u00e7\u00e3o do pedido para que seja declarada a inconstitucionalidade circunstancial das normas e restitu\u00eddo o prazo m\u00ednimo de 30 dias para a filia\u00e7\u00e3o partid\u00e1ria. Os ministros v\u00e3o decidir se o cen\u00e1rio de calamidade ocasionado pela pandemia poder\u00e1 inviabilizar o cumprimento dos prazos.<\/p>\n\n\n\n<p>AR\/AS\/\/CF<\/p>\n","protected":false},"excerpt":{"rendered":"<p>A pauta do Supremo Tribunal Federal desta quinta-feira (14) tem apenas uma a\u00e7\u00e3o, que recebeu prioridade no julgamento por tratar do calend\u00e1rio eleitoral, com pedido&hellip; <\/p>\n","protected":false},"author":1,"featured_media":169449,"comment_status":"closed","ping_status":"closed","sticky":false,"template":"","format":"standard","meta":{"sfsi_plus_gutenberg_text_before_share":"","sfsi_plus_gutenberg_show_text_before_share":"","sfsi_plus_gutenberg_icon_type":"","sfsi_plus_gutenberg_icon_alignemt":"","sfsi_plus_gutenburg_max_per_row":"","footnotes":""},"categories":[50,2],"tags":[],"class_list":["post-169448","post","type-post","status-publish","format-standard","has-post-thumbnail","hentry","category-destaque","category-geral"],"_links":{"self":[{"href":"https:\/\/www.caririemacao.com\/1\/wp-json\/wp\/v2\/posts\/169448","targetHints":{"allow":["GET"]}}],"collection":[{"href":"https:\/\/www.caririemacao.com\/1\/wp-json\/wp\/v2\/posts"}],"about":[{"href":"https:\/\/www.caririemacao.com\/1\/wp-json\/wp\/v2\/types\/post"}],"author":[{"embeddable":true,"href":"https:\/\/www.caririemacao.com\/1\/wp-json\/wp\/v2\/users\/1"}],"replies":[{"embeddable":true,"href":"https:\/\/www.caririemacao.com\/1\/wp-json\/wp\/v2\/comments?post=169448"}],"version-history":[{"count":1,"href":"https:\/\/www.caririemacao.com\/1\/wp-json\/wp\/v2\/posts\/169448\/revisions"}],"predecessor-version":[{"id":169450,"href":"https:\/\/www.caririemacao.com\/1\/wp-json\/wp\/v2\/posts\/169448\/revisions\/169450"}],"wp:featuredmedia":[{"embeddable":true,"href":"https:\/\/www.caririemacao.com\/1\/wp-json\/wp\/v2\/media\/169449"}],"wp:attachment":[{"href":"https:\/\/www.caririemacao.com\/1\/wp-json\/wp\/v2\/media?parent=169448"}],"wp:term":[{"taxonomy":"category","embeddable":true,"href":"https:\/\/www.caririemacao.com\/1\/wp-json\/wp\/v2\/categories?post=169448"},{"taxonomy":"post_tag","embeddable":true,"href":"https:\/\/www.caririemacao.com\/1\/wp-json\/wp\/v2\/tags?post=169448"}],"curies":[{"name":"wp","href":"https:\/\/api.w.org\/{rel}","templated":true}]}}