{"id":169451,"date":"2020-05-14T10:38:43","date_gmt":"2020-05-14T13:38:43","guid":{"rendered":"https:\/\/www.caririemacao.com\/1\/?p=169451"},"modified":"2020-05-14T10:38:43","modified_gmt":"2020-05-14T13:38:43","slug":"prefeitura-de-sao-jose-dos-cordeiros-apoia-criacao-de-espaco-para-venda-de-produtos-da-agricultura-familiar-durante-pandemia","status":"publish","type":"post","link":"https:\/\/www.caririemacao.com\/1\/2020\/05\/14\/prefeitura-de-sao-jose-dos-cordeiros-apoia-criacao-de-espaco-para-venda-de-produtos-da-agricultura-familiar-durante-pandemia\/","title":{"rendered":"Prefeitura de S\u00e3o Jos\u00e9 dos Cordeiros apoia cria\u00e7\u00e3o de espa\u00e7o para venda de produtos da agricultura familiar durante pandemia"},"content":{"rendered":"\n<p>A cidade de S\u00e3o Jos\u00e9 dos Cordeiros vinha realizando com muito sucesso a \u201cFeira Agroecol\u00f3gica\u201d, um espa\u00e7o criado h\u00e1 alguns meses para comercializa\u00e7\u00e3o de produtos 100% org\u00e2nicos e que vinha recebendo grande ades\u00e3o do p\u00fablico cordeirense. Com o advento da pandemia da Covid-19, a feira foi suspensa e os produtores ficaram no preju\u00edzo.<\/p>\n\n\n\n<p>Pensando nisso, o munic\u00edpio de S\u00e3o Jos\u00e9 dos Cordeiros, por decis\u00e3o do prefeito Jefferson Roberto, decidiu alugar um espa\u00e7o para que os produtores coloquem seus produtos e possam gerar renda, sem desrespeitar as regras de isolamento.<\/p>\n\n\n\n<p>A ideia partiu do secret\u00e1rio de agricultura e presidente da Associa\u00e7\u00e3o da Agricultura Familiar, Daivyson Romeryto, que viu na cria\u00e7\u00e3o do \u201csacol\u00e3o\u201d, uma oportunidade de manter a renda dos produtores e a oferta de produtos com qualidade e sem agrot\u00f3xicos para a popula\u00e7\u00e3o de S\u00e3o Jos\u00e9 dos Cordeiros.<\/p>\n\n\n\n<p>O sacol\u00e3o fica aberto agora no hor\u00e1rio comercial e os cordeirenses comparecem ao local sem qualquer aglomera\u00e7\u00e3o para fazer sua feira. No espa\u00e7o s\u00e3o comercializados mel, doces, queijos, frutas, verduras entre outros produtos oriundos da agricultura familiar.<\/p>\n\n\n\n<p>Paraiba Mix<\/p>\n","protected":false},"excerpt":{"rendered":"<p>A cidade de S\u00e3o Jos\u00e9 dos Cordeiros vinha realizando com muito sucesso a \u201cFeira Agroecol\u00f3gica\u201d, um espa\u00e7o criado h\u00e1 alguns meses para comercializa\u00e7\u00e3o de produtos&hellip; <\/p>\n","protected":false},"author":1,"featured_media":169452,"comment_status":"closed","ping_status":"closed","sticky":false,"template":"","format":"standard","meta":{"sfsi_plus_gutenberg_text_before_share":"","sfsi_plus_gutenberg_show_text_before_share":"","sfsi_plus_gutenberg_icon_type":"","sfsi_plus_gutenberg_icon_alignemt":"","sfsi_plus_gutenburg_max_per_row":"","footnotes":""},"categories":[6,50],"tags":[],"class_list":["post-169451","post","type-post","status-publish","format-standard","has-post-thumbnail","hentry","category-cidades","category-destaque"],"_links":{"self":[{"href":"https:\/\/www.caririemacao.com\/1\/wp-json\/wp\/v2\/posts\/169451","targetHints":{"allow":["GET"]}}],"collection":[{"href":"https:\/\/www.caririemacao.com\/1\/wp-json\/wp\/v2\/posts"}],"about":[{"href":"https:\/\/www.caririemacao.com\/1\/wp-json\/wp\/v2\/types\/post"}],"author":[{"embeddable":true,"href":"https:\/\/www.caririemacao.com\/1\/wp-json\/wp\/v2\/users\/1"}],"replies":[{"embeddable":true,"href":"https:\/\/www.caririemacao.com\/1\/wp-json\/wp\/v2\/comments?post=169451"}],"version-history":[{"count":1,"href":"https:\/\/www.caririemacao.com\/1\/wp-json\/wp\/v2\/posts\/169451\/revisions"}],"predecessor-version":[{"id":169453,"href":"https:\/\/www.caririemacao.com\/1\/wp-json\/wp\/v2\/posts\/169451\/revisions\/169453"}],"wp:featuredmedia":[{"embeddable":true,"href":"https:\/\/www.caririemacao.com\/1\/wp-json\/wp\/v2\/media\/169452"}],"wp:attachment":[{"href":"https:\/\/www.caririemacao.com\/1\/wp-json\/wp\/v2\/media?parent=169451"}],"wp:term":[{"taxonomy":"category","embeddable":true,"href":"https:\/\/www.caririemacao.com\/1\/wp-json\/wp\/v2\/categories?post=169451"},{"taxonomy":"post_tag","embeddable":true,"href":"https:\/\/www.caririemacao.com\/1\/wp-json\/wp\/v2\/tags?post=169451"}],"curies":[{"name":"wp","href":"https:\/\/api.w.org\/{rel}","templated":true}]}}