{"id":16946,"date":"2017-03-31T18:25:51","date_gmt":"2017-03-31T21:25:51","guid":{"rendered":"http:\/\/caririemacao.com\/1\/?p=16946"},"modified":"2017-03-31T18:25:51","modified_gmt":"2017-03-31T21:25:51","slug":"janot-alega-nao-poder-investigar-temer-por-delacoes","status":"publish","type":"post","link":"https:\/\/www.caririemacao.com\/1\/2017\/03\/31\/janot-alega-nao-poder-investigar-temer-por-delacoes\/","title":{"rendered":"Janot alega n\u00e3o poder investigar temer por dela\u00e7\u00f5es"},"content":{"rendered":"<p>A Procuradoria-Geral da Rep\u00fablica (PGR) encaminhou ao Supremo Tribunal Federal (STF) uma manifesta\u00e7\u00e3o em que alega n\u00e3o poder investigar o presidente Michel Temer por fato estranho ao mandato.<\/p>\n<p>O despacho foi dado ap\u00f3s a an\u00e1lise de um trecho da dela\u00e7\u00e3o do ex-presidente da Transpetro, S\u00e9rgio Machado, em que o delator afirma ter recebido, em 2012, um pedido do ent\u00e3o vice-presidente da Rep\u00fablica de apoio \u00e0 candidatura de Gabriel Chalita \u00e0 prefeitura de S\u00e3o Paulo. S\u00e9rgio Machado disse que a solicita\u00e7\u00e3o de Temer foi atendida por meio de um repasse da construtora Queiroz Galv\u00e3o no valor de R$ 1,5 milh\u00e3o para o diret\u00f3rio do PMDB \u2014 &#8220;valores estes fruto de comiss\u00e3o paga por contrata\u00e7\u00e3o com a Transpetro&#8221;, segundo o relato da PGR sobre a dela\u00e7\u00e3o.<\/p>\n<p>&#8220;Excepciona-se, apenas, o tr\u00e2mite da investiga\u00e7\u00e3o em rela\u00e7\u00e3o ao atual presidente da Republica, Michel Temer. Isso porque ele possui imunidade tempor\u00e1ria a persecu\u00e7\u00e3o penal, conforme entendimento do Supremo Tribunal Federal&#8221;, disse o procurador-geral da Rep\u00fablica, Rodrigo Janot.<\/p>\n<p>A PGR cita o artigo 86 e o par\u00e1grafo 4\u00ba da Constituo\u00e7\u00e3o: &#8220;Art. 86 &#8211; Admitida a acusa\u00e7\u00e3o contra o Presidente da Rep\u00fablica, por dois ter\u00e7os da C\u00e2mara dos Deputados, ser\u00e1 ele submetido a julgamento perante o Supremo Tribunal Federal, nas infra\u00e7\u00f5es penais comuns, ou perante o Senado Federal, nos crimes de responsabilidade. [ &#8230; ] \u00a7 4\u00b0 &#8211; O Presidente da Rep\u00fablica, na vig\u00eancia de seu mandato, n\u00e3o pode ser responsabilizado por atos estranhos ao exerc\u00edcio de suas fun\u00e7\u00f5es&#8221;.<\/p>\n<p>&#8220;Significa que h\u00e1 impossibilidade de investiga\u00e7\u00e3o do presidente da Rep\u00fablica, na vig\u00eancia de seu mandato, sobre atos estranhos ao exerc\u00edcio de suas fun\u00e7\u00f5es&#8221;, diz a PGR.<\/p>\n<p><strong>Provid\u00eancias. <\/strong>A PGR tamb\u00e9m pediu provid\u00eancias em rela\u00e7\u00e3o a outras pessoas citadas na dela\u00e7\u00e3o de S\u00e9rgio Machado, que teriam sido indicadas pelo delator como recebedores de vantagens indevidas mas que n\u00e3o possuem prerrogativa de foro no STF. O procurador-geral, Rodrigo Janot, pediu que sejam encaminhadas para o juiz S\u00e9rgio Moro, da 13\u00aa Vara Federal de Curitiba, os trechos que citam C\u00e2ndido Vacarezza, ex-deputado federal pelo PT-SP e atual integrante do PTB, Henrique Eduardo Alves, ex-deputado pelo PMDB-RN e ex-ministro do governo Temer, Jorge Bittar, ex-deputado federal pelo PT-RJ, Ideli Salvatti, ex-ministra da Secretaria de Rela\u00e7\u00f5es Institucionais, e Edson Santos, que foi ministro da Secretaria Especial da Igualdade Racial do governo Lula.<\/p>\n<p>Tamb\u00e9m foram citados por S\u00e9rgio Machado, nos termos da dela\u00e7\u00e3o, tr\u00eas senadores e quatro deputados federais.<\/p>\n<p>Os senadores citados s\u00e3o Valdir Raupp (PMDB-TO) \u2014 que teria recebido R$ 850 mil em forma de doa\u00e7\u00e3o oficial \u2014, Garibaldi Alves Filho (PMDB-RN), que teria recebido R$ 200 mil da construtora Queiroz Galv\u00e3o (2010) e R$ 250 mil da Camargo Correa (2012), e Agripino Maia (DEM-RN), que teria pedido e recebido doa\u00e7\u00f5es da Queiroz Galv\u00e3o no valor de R$ 300 mil em 2010.<\/p>\n<p>Os deputados federais s\u00e3o Walter Alves (PMDB-RN), que era candidato a deputado federal e teria recebido R$ 250 mil da Queiroz Galv\u00e3o; Felipe Maia (DEM-RN), que teria recebido R$ 250 mil da Queiroz Galv\u00e3o, Jandira Feghali (PC do B-RJ), que teria recebido R$ 100 mil, e Luiz Sergio (PT-RJ), que teria recebido R$ 200 mil em 2010 e outros R$ 200 mil reais em 2014.<\/p>\n<p>Nos casos citados, Sergio Machado diz que &#8220;foram viabilizadas doa\u00e7\u00f5es oficiais cuja origem eram vantagens indevidas pagas por empresas contratadas pela Transpetro&#8221;.<\/p>\n<p>As cita\u00e7\u00f5es a parlamentares em exerc\u00edcio podem ser encaminhadas a inqu\u00e9ritos que j\u00e1 tramitam no Supremo.<\/p>\n<p>Divulgada em junho de 2016, a dela\u00e7\u00e3o de S\u00e9rgio Machado trouxe a informa\u00e7\u00e3o de que, nos 11 anos dele \u00e0 frente da Transpetro, ao menos R$ 100 milh\u00f5es em propinas foram repassados para a c\u00fapula do PMDB no Senado. Os fatos relacionados a outros senadores da c\u00fapula do partido est\u00e3o em an\u00e1lise em outras investiga\u00e7\u00f5es, n\u00e3o mencionadas nos trechos espec\u00edficos.<\/p>\n<p>O <em>Broadcast<\/em> est\u00e1 tentando entrar em contato com as defesas dos citados.<\/p>\n<p style=\"background: white;\"><strong><span style=\"font-family: 'Georgia','serif'; color: #333333;\">CARIRI EM A\u00c7\u00c3O<\/span><\/strong><\/p>\n<p style=\"background: white;\"><span style=\"font-family: 'Georgia','serif'; color: #333333;\">Com Estad\u00e3o\u00a0\/Foto:Reprodu\u00e7\u00e3o\u00a0<\/span><\/p>\n<p style=\"background: white;\"><strong><span style=\"font-family: 'Georgia','serif'; color: #333333;\">Leia mais not\u00edcias em\u00a0<\/span><\/strong><a href=\"http:\/\/www.caririemacao.com\/\"><b><span style=\"font-family: 'Georgia','serif';\">caririemacao.com<\/span><\/b><\/a><strong><span style=\"font-family: 'Georgia','serif'; color: #333333;\">, siga nossa p\u00e1gina no<\/span><\/strong><a href=\"https:\/\/www.facebook.com\/CaririEmAcao\/\"><b><span style=\"font-family: 'Georgia','serif';\">\u00a0Facebook<\/span><\/b><\/a><strong><span style=\"font-family: 'Georgia','serif'; color: #333333;\">\u00a0e\u00a0<a href=\"https:\/\/www.instagram.com\/cariri_em_acao\/?hl=pt-br\">Instagram<\/a>\u00a0veja nossas mat\u00e9rias e fotos. Voc\u00ea tamb\u00e9m pode enviar informa\u00e7\u00f5es \u00e0 Reda\u00e7\u00e3o do Portal Cariri em A\u00e7\u00e3o pelo WhatsApp (83) 9 9634.5791, (83) 9 9601-1162 ou (83) 9 994189.<\/span><\/strong><\/p>\n","protected":false},"excerpt":{"rendered":"<p>A Procuradoria-Geral da Rep\u00fablica (PGR) encaminhou ao Supremo Tribunal Federal (STF) uma manifesta\u00e7\u00e3o em que alega n\u00e3o poder investigar o presidente Michel Temer por fato&hellip; <\/p>\n","protected":false},"author":2,"featured_media":16947,"comment_status":"closed","ping_status":"closed","sticky":false,"template":"","format":"standard","meta":{"sfsi_plus_gutenberg_text_before_share":"","sfsi_plus_gutenberg_show_text_before_share":"","sfsi_plus_gutenberg_icon_type":"","sfsi_plus_gutenberg_icon_alignemt":"","sfsi_plus_gutenburg_max_per_row":"","footnotes":""},"categories":[11],"tags":[],"class_list":["post-16946","post","type-post","status-publish","format-standard","has-post-thumbnail","hentry","category-politica"],"_links":{"self":[{"href":"https:\/\/www.caririemacao.com\/1\/wp-json\/wp\/v2\/posts\/16946","targetHints":{"allow":["GET"]}}],"collection":[{"href":"https:\/\/www.caririemacao.com\/1\/wp-json\/wp\/v2\/posts"}],"about":[{"href":"https:\/\/www.caririemacao.com\/1\/wp-json\/wp\/v2\/types\/post"}],"author":[{"embeddable":true,"href":"https:\/\/www.caririemacao.com\/1\/wp-json\/wp\/v2\/users\/2"}],"replies":[{"embeddable":true,"href":"https:\/\/www.caririemacao.com\/1\/wp-json\/wp\/v2\/comments?post=16946"}],"version-history":[{"count":0,"href":"https:\/\/www.caririemacao.com\/1\/wp-json\/wp\/v2\/posts\/16946\/revisions"}],"wp:featuredmedia":[{"embeddable":true,"href":"https:\/\/www.caririemacao.com\/1\/wp-json\/wp\/v2\/media\/16947"}],"wp:attachment":[{"href":"https:\/\/www.caririemacao.com\/1\/wp-json\/wp\/v2\/media?parent=16946"}],"wp:term":[{"taxonomy":"category","embeddable":true,"href":"https:\/\/www.caririemacao.com\/1\/wp-json\/wp\/v2\/categories?post=16946"},{"taxonomy":"post_tag","embeddable":true,"href":"https:\/\/www.caririemacao.com\/1\/wp-json\/wp\/v2\/tags?post=16946"}],"curies":[{"name":"wp","href":"https:\/\/api.w.org\/{rel}","templated":true}]}}