{"id":169462,"date":"2020-05-14T11:35:54","date_gmt":"2020-05-14T14:35:54","guid":{"rendered":"https:\/\/www.caririemacao.com\/1\/?p=169462"},"modified":"2020-05-14T11:35:54","modified_gmt":"2020-05-14T14:35:54","slug":"policia-federal-desarticula-celula-de-faccao-criminosa-de-sao-paulo-que-atuava-na-paraiba-e-planejava-ataques-a-servidores-publicos-federais","status":"publish","type":"post","link":"https:\/\/www.caririemacao.com\/1\/2020\/05\/14\/policia-federal-desarticula-celula-de-faccao-criminosa-de-sao-paulo-que-atuava-na-paraiba-e-planejava-ataques-a-servidores-publicos-federais\/","title":{"rendered":"Pol\u00edcia Federal desarticula c\u00e9lula de fac\u00e7\u00e3o criminosa de S\u00e3o Paulo que atuava na Para\u00edba e planejava ataques a servidores p\u00fablicos federais"},"content":{"rendered":"\n<p>A Pol\u00edcia Federal desarticulou na manh\u00e3 desta quinta-feira (14), uma&nbsp;c\u00e9lula de fac\u00e7\u00e3o criminosa de S\u00e3o Paulo que atuava na Para\u00edba planejando ataques a servidores p\u00fablicos federais. A Opera\u00e7\u00e3o Flare foi&nbsp;coordenada pela Pol\u00edcia Federal e composta por Policiais Federais, Policiais Civis, Policiais Militares e Agente Penitenci\u00e1rios Federais, atuando em colabora\u00e7\u00e3o com a Secretaria de Opera\u00e7\u00f5es Integradas do Minist\u00e9rio da Justi\u00e7a e Seguran\u00e7a P\u00fablica (SEOPI\/MJSP), e em a\u00e7\u00e3o consorciada com os Grupos T\u00e1ticos Operacionais de Pau dos Ferros, Patu e Alexandria, com o 5\u00ba Batalh\u00e3o de Pol\u00edcia Militar de Jo\u00e3o Pessoa\/PB, e com a Delegacia da Pol\u00edcia Civil de Pau dos Ferros.<\/p>\n\n\n\n<p>Mais de 50 policiais cumprem 4 mandados de pris\u00e3o preventiva e 9 mandados de busca e apreens\u00e3o nas cidades de Natal\/RN, Pau dos Ferros\/RN e Jo\u00e3o Pessoa\/PB no come\u00e7o dessa manh\u00e3. Os mandados judiciais foram expedidos pela 8\u00aa Vara Federal em Mossor\u00f3\/RN.<\/p>\n\n\n\n<p>Em Jo\u00e3o Pessoa foram cumpridos dois mandados de pris\u00e3o e dois de busca e apreens\u00e3o, pela Pol\u00edcia Federal do Rio Grande do Norte.&nbsp;<\/p>\n\n\n\n<figure class=\"wp-block-image\"><img decoding=\"async\" data-src=\"https:\/\/www.clickpb.com.br\/media\/filer_public\/27\/fc\/27fcfbbb-068e-4959-80aa-37aadff22789\/whatsapp_image_2020-05-14_at_092303_1.jpeg\" alt=\"\" src=\"data:image\/svg+xml;base64,PHN2ZyB3aWR0aD0iMSIgaGVpZ2h0PSIxIiB4bWxucz0iaHR0cDovL3d3dy53My5vcmcvMjAwMC9zdmciPjwvc3ZnPg==\" class=\"lazyload\" \/><\/figure>\n\n\n\n<p>As investiga\u00e7\u00f5es revelaram que tais indiv\u00edduos, al\u00e9m de possu\u00edrem estreito envolvimento em a\u00e7\u00f5es criminosas, sobretudo aquelas cometidas com a utiliza\u00e7\u00e3o de armas de fogo, planejavam ataques a servidores p\u00fablicos federais no Estado, sendo apurado, tamb\u00e9m, que os investigados aprovaram a execu\u00e7\u00e3o de diversos homic\u00eddios no Rio Grande do Norte, alguns com requinte de crueldade, al\u00e9m de terem atuado fortemente no tr\u00e1fico de drogas, roubos, tr\u00e1fico e com\u00e9rcio clandestino de arma de fogo, sempre buscando a expans\u00e3o territorial das \u00e1reas de domin\u00e2ncia da fac\u00e7\u00e3o em diversas localidades do RN.<\/p>\n\n\n\n<p>Todos os presos possuem antecedentes criminais, alguns deles, inclusive, se encontravam foragidos da Justi\u00e7a, enquanto um outro era monitorado por tornozeleira eletr\u00f4nica.<\/p>\n\n\n\n<p>Cabe registrar que, no ano de 2019, a mesma cooperativa criminosa intencionou promover ataques dentro do sistema prisional potiguar, incentivando a viol\u00eancia contra integrantes de fac\u00e7\u00f5es rivais e estimulando o confronto com for\u00e7as policiais do Rio Grande do Norte, fato objeto de investiga\u00e7\u00e3o da Opera\u00e7\u00e3o Extra\u00e7\u00e3o, deflagrada em setembro daquele ano, pela For\u00e7a-Tarefa coordenada pela PF.<\/p>\n\n\n\n<p>Em virtude dessa articula\u00e7\u00e3o, cinco membros da c\u00fapula da organiza\u00e7\u00e3o criminosa foram transferidos para o Sistema Penal Federal em mar\u00e7o de 2020.<\/p>\n\n\n\n<p>Apesar das restri\u00e7\u00f5es impostas pela pandemia, a Pol\u00edcia Federal e as demais for\u00e7as policiais seguem atuando em sintonia contra o crime organizado no Estado do Rio Grande do Norte.&nbsp;<\/p>\n\n\n\n<figure class=\"wp-block-image\"><img decoding=\"async\" data-src=\"https:\/\/www.clickpb.com.br\/media\/filer_public\/05\/b5\/05b56e95-7296-4762-93d9-cd15681e1dac\/whatsapp_image_2020-05-14_at_092303.jpeg\" alt=\"\" src=\"data:image\/svg+xml;base64,PHN2ZyB3aWR0aD0iMSIgaGVpZ2h0PSIxIiB4bWxucz0iaHR0cDovL3d3dy53My5vcmcvMjAwMC9zdmciPjwvc3ZnPg==\" class=\"lazyload\" \/><\/figure>\n","protected":false},"excerpt":{"rendered":"<p>A Pol\u00edcia Federal desarticulou na manh\u00e3 desta quinta-feira (14), uma&nbsp;c\u00e9lula de fac\u00e7\u00e3o criminosa de S\u00e3o Paulo que atuava na Para\u00edba planejando ataques a servidores p\u00fablicos&hellip; <\/p>\n","protected":false},"author":2,"featured_media":169463,"comment_status":"closed","ping_status":"closed","sticky":false,"template":"","format":"standard","meta":{"sfsi_plus_gutenberg_text_before_share":"","sfsi_plus_gutenberg_show_text_before_share":"","sfsi_plus_gutenberg_icon_type":"","sfsi_plus_gutenberg_icon_alignemt":"","sfsi_plus_gutenburg_max_per_row":"","footnotes":""},"categories":[12],"tags":[],"class_list":["post-169462","post","type-post","status-publish","format-standard","has-post-thumbnail","hentry","category-policia"],"_links":{"self":[{"href":"https:\/\/www.caririemacao.com\/1\/wp-json\/wp\/v2\/posts\/169462","targetHints":{"allow":["GET"]}}],"collection":[{"href":"https:\/\/www.caririemacao.com\/1\/wp-json\/wp\/v2\/posts"}],"about":[{"href":"https:\/\/www.caririemacao.com\/1\/wp-json\/wp\/v2\/types\/post"}],"author":[{"embeddable":true,"href":"https:\/\/www.caririemacao.com\/1\/wp-json\/wp\/v2\/users\/2"}],"replies":[{"embeddable":true,"href":"https:\/\/www.caririemacao.com\/1\/wp-json\/wp\/v2\/comments?post=169462"}],"version-history":[{"count":1,"href":"https:\/\/www.caririemacao.com\/1\/wp-json\/wp\/v2\/posts\/169462\/revisions"}],"predecessor-version":[{"id":169464,"href":"https:\/\/www.caririemacao.com\/1\/wp-json\/wp\/v2\/posts\/169462\/revisions\/169464"}],"wp:featuredmedia":[{"embeddable":true,"href":"https:\/\/www.caririemacao.com\/1\/wp-json\/wp\/v2\/media\/169463"}],"wp:attachment":[{"href":"https:\/\/www.caririemacao.com\/1\/wp-json\/wp\/v2\/media?parent=169462"}],"wp:term":[{"taxonomy":"category","embeddable":true,"href":"https:\/\/www.caririemacao.com\/1\/wp-json\/wp\/v2\/categories?post=169462"},{"taxonomy":"post_tag","embeddable":true,"href":"https:\/\/www.caririemacao.com\/1\/wp-json\/wp\/v2\/tags?post=169462"}],"curies":[{"name":"wp","href":"https:\/\/api.w.org\/{rel}","templated":true}]}}