{"id":169469,"date":"2020-05-14T13:20:17","date_gmt":"2020-05-14T16:20:17","guid":{"rendered":"https:\/\/www.caririemacao.com\/1\/?p=169469"},"modified":"2020-05-14T16:15:27","modified_gmt":"2020-05-14T19:15:27","slug":"prefeitura-de-s-s-do-umbuzeiro-divulga-novo-boletim-do-covid-19","status":"publish","type":"post","link":"https:\/\/www.caririemacao.com\/1\/2020\/05\/14\/prefeitura-de-s-s-do-umbuzeiro-divulga-novo-boletim-do-covid-19\/","title":{"rendered":"Prefeitura de S. S. do Umbuzeiro divulga novo boletim do Covid-19"},"content":{"rendered":"\n<p><a href=\"https:\/\/www.facebook.com\/sharer.php?u=https%3A%2F%2Fcariridagente.com%2F2020%2F05%2Fprefeitura-de-s-s-do-umbuzeiro-divulga-novo-boletim-do-covid-19%2F\"><\/a><a href=\"https:\/\/twitter.com\/intent\/tweet?text=Prefeitura+de+S.+S.+do+Umbuzeiro+divulga+novo+boletim+do+Covid-19&amp;url=https%3A%2F%2Fcariridagente.com%2F2020%2F05%2Fprefeitura-de-s-s-do-umbuzeiro-divulga-novo-boletim-do-covid-19%2F&amp;via=cariridagente\"><\/a><a href=\"whatsapp:\/\/send?text=Prefeitura+de+S.+S.+do+Umbuzeiro+divulga+novo+boletim+do+Covid-19 %0A%0A https:\/\/cariridagente.com\/2020\/05\/prefeitura-de-s-s-do-umbuzeiro-divulga-novo-boletim-do-covid-19\/\"><\/a><a href=\"https:\/\/telegram.me\/share\/url?url=https:\/\/cariridagente.com\/2020\/05\/prefeitura-de-s-s-do-umbuzeiro-divulga-novo-boletim-do-covid-19\/&amp;text=Prefeitura+de+S.+S.+do+Umbuzeiro+divulga+novo+boletim+do+Covid-19\"><\/a><a href=\"mailto:?subject=Prefeitura%20de%20S.%20S.%20do%20Umbuzeiro%20divulga%20novo%20boletim%20do%20Covid-19&amp;body=https:\/\/cariridagente.com\/2020\/05\/prefeitura-de-s-s-do-umbuzeiro-divulga-novo-boletim-do-covid-19\/\"><\/a><\/p>\n\n\n\n<p>A Prefeitura de S\u00e3o Sebasti\u00e3o do Umbuzeiro, atrav\u00e9s da Secretaria de Sa\u00fade do munic\u00edpio, divulgou na manh\u00e3 desta quinta-feira (14), um novo boletim epidemiol\u00f3gico do Covid-19 (Novo Coronav\u00edrus).<\/p>\n\n\n\n<p>De acordo com o boletim, o munic\u00edpio tem 03 casos suspeitos da doen\u00e7a em investiga\u00e7\u00e3o, e 02 casos descartados. 09 viajantes est\u00e3o sendo monitorados pela Secretaria.<\/p>\n\n\n\n<p>Maiores informa\u00e7\u00f5es: (83) 98159-7423<\/p>\n","protected":false},"excerpt":{"rendered":"<p>A Prefeitura de S\u00e3o Sebasti\u00e3o do Umbuzeiro, atrav\u00e9s da Secretaria de Sa\u00fade do munic\u00edpio, divulgou na manh\u00e3 desta quinta-feira (14), um novo boletim epidemiol\u00f3gico do&hellip; <\/p>\n","protected":false},"author":2,"featured_media":169470,"comment_status":"closed","ping_status":"closed","sticky":false,"template":"","format":"standard","meta":{"sfsi_plus_gutenberg_text_before_share":"","sfsi_plus_gutenberg_show_text_before_share":"","sfsi_plus_gutenberg_icon_type":"","sfsi_plus_gutenberg_icon_alignemt":"","sfsi_plus_gutenburg_max_per_row":"","footnotes":""},"categories":[2],"tags":[],"class_list":["post-169469","post","type-post","status-publish","format-standard","has-post-thumbnail","hentry","category-geral"],"_links":{"self":[{"href":"https:\/\/www.caririemacao.com\/1\/wp-json\/wp\/v2\/posts\/169469","targetHints":{"allow":["GET"]}}],"collection":[{"href":"https:\/\/www.caririemacao.com\/1\/wp-json\/wp\/v2\/posts"}],"about":[{"href":"https:\/\/www.caririemacao.com\/1\/wp-json\/wp\/v2\/types\/post"}],"author":[{"embeddable":true,"href":"https:\/\/www.caririemacao.com\/1\/wp-json\/wp\/v2\/users\/2"}],"replies":[{"embeddable":true,"href":"https:\/\/www.caririemacao.com\/1\/wp-json\/wp\/v2\/comments?post=169469"}],"version-history":[{"count":2,"href":"https:\/\/www.caririemacao.com\/1\/wp-json\/wp\/v2\/posts\/169469\/revisions"}],"predecessor-version":[{"id":169526,"href":"https:\/\/www.caririemacao.com\/1\/wp-json\/wp\/v2\/posts\/169469\/revisions\/169526"}],"wp:featuredmedia":[{"embeddable":true,"href":"https:\/\/www.caririemacao.com\/1\/wp-json\/wp\/v2\/media\/169470"}],"wp:attachment":[{"href":"https:\/\/www.caririemacao.com\/1\/wp-json\/wp\/v2\/media?parent=169469"}],"wp:term":[{"taxonomy":"category","embeddable":true,"href":"https:\/\/www.caririemacao.com\/1\/wp-json\/wp\/v2\/categories?post=169469"},{"taxonomy":"post_tag","embeddable":true,"href":"https:\/\/www.caririemacao.com\/1\/wp-json\/wp\/v2\/tags?post=169469"}],"curies":[{"name":"wp","href":"https:\/\/api.w.org\/{rel}","templated":true}]}}