{"id":169473,"date":"2020-05-14T13:56:14","date_gmt":"2020-05-14T16:56:14","guid":{"rendered":"https:\/\/www.caririemacao.com\/1\/?p=169473"},"modified":"2020-05-14T13:56:14","modified_gmt":"2020-05-14T16:56:14","slug":"caixa-nao-libera-novos-pagamentos-do-auxilio-emergencial-ha-2-semanas","status":"publish","type":"post","link":"https:\/\/www.caririemacao.com\/1\/2020\/05\/14\/caixa-nao-libera-novos-pagamentos-do-auxilio-emergencial-ha-2-semanas\/","title":{"rendered":"Caixa n\u00e3o libera novos pagamentos do aux\u00edlio emergencial h\u00e1 2 semanas"},"content":{"rendered":"\n<h1 class=\"wp-block-heading\"><\/h1>\n\n\n\n<hr class=\"wp-block-separator\"\/>\n\n\n\n<p>A Caixa Econ\u00f4mica Federal completa nesta quinta-feira (14) duas semanas sem liberar novos cr\u00e9ditos do Aux\u00edlio Emergencial. O \u00faltimo balan\u00e7o dos pagamentos divulgado pelo banco, \u00e0s 12h da ter\u00e7a-feira (13), apontava que haviam sido creditados at\u00e9 ent\u00e3o R$ 35,5 bilh\u00f5es a 50 milh\u00f5es de brasileiros \u2013 mesmos n\u00fameros informados desde 30 de abril. Enquanto isso, milh\u00f5es de brasileiros que aguardam o benef\u00edcio seguem sem saber se \u2013 e quando \u2013 ir\u00e3o receber.<\/p>\n\n\n\n<p>Mesmo para os que j\u00e1 receberam a primeira parcela do pagamento, a segunda e a terceira ainda s\u00e3o uma inc\u00f3gnita. At\u00e9 a noite de ter\u00e7a-feira (13), Caixa e Minist\u00e9rio da Cidadania n\u00e3o haviam divulgado o calend\u00e1rio de pagamentos para essas parcelas. Apenas os trabalhadores que j\u00e1 s\u00e3o benefici\u00e1rios do Bolsa Fam\u00edlia t\u00eam data para receber, j\u00e1 que os pagamentos seguem o calend\u00e1rio do Bolsa.<\/p>\n\n\n\n<p>O governo previa inicialmente pagar a segunda parcela do Aux\u00edlio Emergencial entre os dias 27 e 30 de maio, ficando a terceira para entre os dias 26 e 29 de maio. A Caixa chegou a anunciar a antecipa\u00e7\u00e3o dessa parcela, mas ela foi cancelada. Desde ent\u00e3o, os trabalhadores aguardam a divulga\u00e7\u00e3o das novas datas.<\/p>\n\n\n\n<p>Na \u00faltima segunda-feira, o vice-presidente de varejo da Caixa Econ\u00f4mica Federal (CEF), Paulo Henrique Angelo, disse que o banco aguardava o governo federal divulgar o novo calend\u00e1rio do Aux\u00edlio Emergencial para detalhar como ser\u00e1 feito o pagamento das pr\u00f3ximas parcelas.<\/p>\n","protected":false},"excerpt":{"rendered":"<p>A Caixa Econ\u00f4mica Federal completa nesta quinta-feira (14) duas semanas sem liberar novos cr\u00e9ditos do Aux\u00edlio Emergencial. O \u00faltimo balan\u00e7o dos pagamentos divulgado pelo banco,&hellip; <\/p>\n","protected":false},"author":2,"featured_media":169474,"comment_status":"closed","ping_status":"closed","sticky":false,"template":"","format":"standard","meta":{"sfsi_plus_gutenberg_text_before_share":"","sfsi_plus_gutenberg_show_text_before_share":"","sfsi_plus_gutenberg_icon_type":"","sfsi_plus_gutenberg_icon_alignemt":"","sfsi_plus_gutenburg_max_per_row":"","footnotes":""},"categories":[2],"tags":[],"class_list":["post-169473","post","type-post","status-publish","format-standard","has-post-thumbnail","hentry","category-geral"],"_links":{"self":[{"href":"https:\/\/www.caririemacao.com\/1\/wp-json\/wp\/v2\/posts\/169473","targetHints":{"allow":["GET"]}}],"collection":[{"href":"https:\/\/www.caririemacao.com\/1\/wp-json\/wp\/v2\/posts"}],"about":[{"href":"https:\/\/www.caririemacao.com\/1\/wp-json\/wp\/v2\/types\/post"}],"author":[{"embeddable":true,"href":"https:\/\/www.caririemacao.com\/1\/wp-json\/wp\/v2\/users\/2"}],"replies":[{"embeddable":true,"href":"https:\/\/www.caririemacao.com\/1\/wp-json\/wp\/v2\/comments?post=169473"}],"version-history":[{"count":1,"href":"https:\/\/www.caririemacao.com\/1\/wp-json\/wp\/v2\/posts\/169473\/revisions"}],"predecessor-version":[{"id":169475,"href":"https:\/\/www.caririemacao.com\/1\/wp-json\/wp\/v2\/posts\/169473\/revisions\/169475"}],"wp:featuredmedia":[{"embeddable":true,"href":"https:\/\/www.caririemacao.com\/1\/wp-json\/wp\/v2\/media\/169474"}],"wp:attachment":[{"href":"https:\/\/www.caririemacao.com\/1\/wp-json\/wp\/v2\/media?parent=169473"}],"wp:term":[{"taxonomy":"category","embeddable":true,"href":"https:\/\/www.caririemacao.com\/1\/wp-json\/wp\/v2\/categories?post=169473"},{"taxonomy":"post_tag","embeddable":true,"href":"https:\/\/www.caririemacao.com\/1\/wp-json\/wp\/v2\/tags?post=169473"}],"curies":[{"name":"wp","href":"https:\/\/api.w.org\/{rel}","templated":true}]}}