{"id":169485,"date":"2020-05-14T14:05:49","date_gmt":"2020-05-14T17:05:49","guid":{"rendered":"https:\/\/www.caririemacao.com\/1\/?p=169485"},"modified":"2020-05-14T14:05:49","modified_gmt":"2020-05-14T17:05:49","slug":"pico-da-covid-19-na-paraiba-sera-no-inicio-de-junho-diz-estudo-da-ufpb","status":"publish","type":"post","link":"https:\/\/www.caririemacao.com\/1\/2020\/05\/14\/pico-da-covid-19-na-paraiba-sera-no-inicio-de-junho-diz-estudo-da-ufpb\/","title":{"rendered":"Pico da Covid-19 na Para\u00edba ser\u00e1 no in\u00edcio de junho, diz estudo da UFPB"},"content":{"rendered":"\n<h1 class=\"wp-block-heading\"><\/h1>\n\n\n\n<p>Um estudo desenvolvido pelo Laborat\u00f3rio de Intelig\u00eancia Artificial e Macroeconomia Computacional (Labimec) da Universidade Federal da Para\u00edba (UFPB) aponta que o pico de cont\u00e1gios por Covid-19 na Para\u00edba ser\u00e1 no in\u00edcio de junho, atingindo 5% da popula\u00e7\u00e3o, com 190.078 casos.<\/p>\n\n\n\n<p>O progn\u00f3stico \u00e9 mantido quando aplicado, por exemplo, \u00e0 cidade de Jo\u00e3o Pessoa, sendo esperados 35.457 casos, o que corresponde a 4% da popula\u00e7\u00e3o do munic\u00edpio.<\/p>\n\n\n\n<p>\u201cCom estas previs\u00f5es, podemos auxiliar gestores p\u00fablicos no enfrentamento da pandemia, por meio de tomada de decis\u00f5es, a fim de gerenciar os riscos\u201d, avalia Maria Daniella Silva, uma das pesquisadoras respons\u00e1veis pelo estudo.<\/p>\n\n\n\n<p>A estimativa foi realizada com base no modelo epidemiol\u00f3gico SIR, usado para medir a evolu\u00e7\u00e3o de epidemias contagiosas. Para isso, indiv\u00edduos de determinada popula\u00e7\u00e3o s\u00e3o definidos em Suscept\u00edveis (S), Infectados (I) e Recuperados (R).<\/p>\n\n\n\n<p>Para o estudo, foram feitas tr\u00eas suposi\u00e7\u00f5es: a popula\u00e7\u00e3o \u00e9 constante, com isso, n\u00e3o \u00e9 levado em considera\u00e7\u00e3o os nascimentos e as mortes durante a pandemia; os indiv\u00edduos s\u00e3o igualmente suscept\u00edveis \u00e0 doen\u00e7a; as pessoas ficam imunes ap\u00f3s uma \u00fanica infec\u00e7\u00e3o.<\/p>\n\n\n\n<p>Maria Daniella Silva explica que os resultados n\u00e3o est\u00e3o levando em conta nenhuma medida de conten\u00e7\u00e3o de intera\u00e7\u00e3o humana. \u201cIsso achataria a curva, ou seja, reduziria o n\u00famero m\u00e1ximo de infectados\u201d.<\/p>\n\n\n\n<p>O modelo de previs\u00e3o tamb\u00e9m n\u00e3o considera a exist\u00eancia de subnotifica\u00e7\u00e3o dos casos. \u201cO n\u00famero de infectados pode ser maior que o apresentado oficialmente. Todo modelo de previs\u00e3o est\u00e1 sujeito a erros\u201d.<\/p>\n\n\n\n<p>Nesta ter\u00e7a (12), segundo a Secret\u00e1ria de Sa\u00fade do Estado, a Para\u00edba registrou o maior n\u00famero de casos e \u00f3bitos em um \u00fanico dia. Foram 252 novos casos de Covid-19 e 15 \u00f3bitos causados pela doen\u00e7a. Assim, a Para\u00edba atingiu 2.777 casos de Covid -19. Desses, 154 faleceram e 601 se recuperaram. Outros 3.137 casos investigados j\u00e1 foram descartados.<\/p>\n\n\n\n<p>Por meio dos boletins da pasta estadual, o Laborat\u00f3rio de Intelig\u00eancia Artificial e Macroeconomia Computacional da UFPB levantou que, das mortes provocadas pela Covid-19, 60,2% pessoas tinham 60 anos ou mais, grupo de risco da doen\u00e7a. Outras 74,2% tinham comorbidades, tais como hipertens\u00e3o, diabetes e problemas card\u00edacos. Com rela\u00e7\u00e3o ao sexo das v\u00edtimas, 36,6% s\u00e3o mulheres e 63,4% homens, com m\u00e9dia de idade de 64 anos.<\/p>\n\n\n\n<div class=\"wp-block-image\"><figure class=\"aligncenter\"><img decoding=\"async\" data-src=\"http:\/\/deolhonocariri.com.br\/wp-content\/uploads\/2020\/05\/pesquisa.png\" alt=\"\" class=\"wp-image-82354 lazyload\" src=\"data:image\/svg+xml;base64,PHN2ZyB3aWR0aD0iMSIgaGVpZ2h0PSIxIiB4bWxucz0iaHR0cDovL3d3dy53My5vcmcvMjAwMC9zdmciPjwvc3ZnPg==\" \/><\/figure><\/div>\n\n\n\n<p><strong>Isolamento<\/strong><\/p>\n\n\n\n<p>A partir de dados da geolocaliza\u00e7\u00e3o de smartphones do sistema Android captados pela Google, o laborat\u00f3rio da UFPB tamb\u00e9m analisa o n\u00edvel de circula\u00e7\u00e3o de pessoas em determinados locais, com a finalidade de monitorar o cumprimento da pol\u00edtica de isolamento social.<\/p>\n\n\n\n<p>Os dados constatam que houve uma grande varia\u00e7\u00e3o na circula\u00e7\u00e3o de pessoas no dia 21 de abril, que foi o m\u00e1ximo de isolamento social no per\u00edodo, chegando a uma varia\u00e7\u00e3o negativa de 78% da circula\u00e7\u00e3o de pessoas em lojas e ambientes de recrea\u00e7\u00e3o, devido ao feriado de Tiradentes.<\/p>\n\n\n\n<p>J\u00e1 no dia 26 de abril, foi observado grande aumento da circula\u00e7\u00e3o de pessoas e um certo descumprimento da pol\u00edtica de isolamento implementada, o que pode ser preocupante para o sistema de sa\u00fade paraibano e para a sociedade como um todo.<\/p>\n\n\n\n<p><strong>Rea\u00e7\u00f5es<\/strong><\/p>\n\n\n\n<p>O mapeamento do Twitter, produzido pela unidade de pesquisa, teve como foco a rea\u00e7\u00e3o dos usu\u00e1rios brasileiros a not\u00edcias relacionada \u00e0 Covid-19. Para isso, foram coletados 90 mil tweets de 4 a 8 de maio.<\/p>\n\n\n\n<p>Atrav\u00e9s de machine learning, um m\u00e9todo de an\u00e1lise de dados, os tweets da segunda-feira (4) apresentaram um novo \u00e1pice do sentimento negativo. Isso ocorreu devido a not\u00edcias e acontecimentos do final de semana, al\u00e9m da divulga\u00e7\u00e3o de que o pa\u00eds havia ultrapassado 100 mil casos confirmados e mais de 7 mil \u00f3bitos.<\/p>\n\n\n\n<p>Na dia 7 de maio, houve uma redu\u00e7\u00e3o brusca desse sentimento, que pode ser atribu\u00edda \u00e0 divulga\u00e7\u00e3o da descoberta, por parte de Israel, de um anticorpo que \u201cneutraliza\u201d o coronav\u00edrus e tamb\u00e9m ao relat\u00f3rio feito pelo Imperial College de Londres, com foco no Brasil, que recomenda a ado\u00e7\u00e3o de medidas mais severas para conter a explos\u00e3o da pandemia.<\/p>\n\n\n\n<p>Desde ent\u00e3o, algumas cidades come\u00e7aram a discutir e implantar o lockdown, isolamento total, e a rea\u00e7\u00e3o de \u201cal\u00edvio\u201d por parte de alguns usu\u00e1rios foi captada, uma vez que o Twitter se trata de uma ferramenta de monitoramento em tempo real.<\/p>\n\n\n\n<p>As an\u00e1lises do laborat\u00f3rio acompanham a pandemia do novo coronav\u00edrus desde o in\u00edcio de abril. O grupo \u00e9 formado ainda pelos pesquisadores C\u00e1ssio Besarria, Val\u00e9ria Besarria, Fabyan Esberard, Pierre H\u00edtalo, Fl\u00e1vio Maca\u00fabas, Daniel Campesi e Guilherma Mazala. \u00c9 poss\u00edvel acompanh\u00e1-los pelo perfil do laborat\u00f3rio no Instagram.<\/p>\n\n\n\n<p><em>Click PB<\/em><\/p>\n","protected":false},"excerpt":{"rendered":"<p>Um estudo desenvolvido pelo Laborat\u00f3rio de Intelig\u00eancia Artificial e Macroeconomia Computacional (Labimec) da Universidade Federal da Para\u00edba (UFPB) aponta que o pico de cont\u00e1gios por&hellip; <\/p>\n","protected":false},"author":2,"featured_media":169486,"comment_status":"closed","ping_status":"closed","sticky":false,"template":"","format":"standard","meta":{"sfsi_plus_gutenberg_text_before_share":"","sfsi_plus_gutenberg_show_text_before_share":"","sfsi_plus_gutenberg_icon_type":"","sfsi_plus_gutenberg_icon_alignemt":"","sfsi_plus_gutenburg_max_per_row":"","footnotes":""},"categories":[2],"tags":[],"class_list":["post-169485","post","type-post","status-publish","format-standard","has-post-thumbnail","hentry","category-geral"],"_links":{"self":[{"href":"https:\/\/www.caririemacao.com\/1\/wp-json\/wp\/v2\/posts\/169485","targetHints":{"allow":["GET"]}}],"collection":[{"href":"https:\/\/www.caririemacao.com\/1\/wp-json\/wp\/v2\/posts"}],"about":[{"href":"https:\/\/www.caririemacao.com\/1\/wp-json\/wp\/v2\/types\/post"}],"author":[{"embeddable":true,"href":"https:\/\/www.caririemacao.com\/1\/wp-json\/wp\/v2\/users\/2"}],"replies":[{"embeddable":true,"href":"https:\/\/www.caririemacao.com\/1\/wp-json\/wp\/v2\/comments?post=169485"}],"version-history":[{"count":1,"href":"https:\/\/www.caririemacao.com\/1\/wp-json\/wp\/v2\/posts\/169485\/revisions"}],"predecessor-version":[{"id":169487,"href":"https:\/\/www.caririemacao.com\/1\/wp-json\/wp\/v2\/posts\/169485\/revisions\/169487"}],"wp:featuredmedia":[{"embeddable":true,"href":"https:\/\/www.caririemacao.com\/1\/wp-json\/wp\/v2\/media\/169486"}],"wp:attachment":[{"href":"https:\/\/www.caririemacao.com\/1\/wp-json\/wp\/v2\/media?parent=169485"}],"wp:term":[{"taxonomy":"category","embeddable":true,"href":"https:\/\/www.caririemacao.com\/1\/wp-json\/wp\/v2\/categories?post=169485"},{"taxonomy":"post_tag","embeddable":true,"href":"https:\/\/www.caririemacao.com\/1\/wp-json\/wp\/v2\/tags?post=169485"}],"curies":[{"name":"wp","href":"https:\/\/api.w.org\/{rel}","templated":true}]}}